{"id":75389,"date":"2022-09-23T10:07:16","date_gmt":"2022-09-23T15:07:16","guid":{"rendered":"https:\/\/nvnoticias.mx\/?p=75389"},"modified":"2022-09-23T10:07:17","modified_gmt":"2022-09-23T15:07:17","slug":"aun-no-toca-inflacion-su-pico-ante-mayores-precios-en-alimentos","status":"publish","type":"post","link":"https:\/\/nvnoticias.mx\/index.php\/2022\/09\/23\/aun-no-toca-inflacion-su-pico-ante-mayores-precios-en-alimentos\/","title":{"rendered":"Aun no toca inflaci\u00f3n su \u2018pico\u2019 ante mayores precios en alimentos"},"content":{"rendered":"\n<p>La\u00a0<strong>inflaci\u00f3n en M\u00e9xico<\/strong>\u00a0se moder\u00f3 ligeramente en la primera quincena de septiembre, pero los analistas descartaron que ya haya alcanzado su \u2018pico\u2019, ya que el \u00edndice subyacente se aceler\u00f3 por el incremento en los\u00a0<strong>precios de alimentos\u00a0<\/strong>y en algunos servicios, por lo que se espera que las presiones persistan hacia el cierre de a\u00f1o.<\/p>\n\n\n\n<p>El<strong>\u00cdndice Nacional de Precios al Consumidor\u00a0(INPC)<\/strong>\u00a0registr\u00f3 una variaci\u00f3n anual de 8.76 por ciento en la primera mitad del noveno mes del a\u00f1o, un poco menos que el 8.77 por ciento de la quincena previa, de acuerdo con datos del INEGI.<\/p>\n\n\n\n<p>Sin embargo, el<strong>\u00edndice de precios subyacente<\/strong>continu\u00f3 aceler\u00e1ndose y se ubic\u00f3 en 8.27 por ciento a tasa anual, su variaci\u00f3n m\u00e1s alta desde septiembre del 2000. En su interior, destac\u00f3 el aumento de los\u00a0<strong>alimentos\u00a0procesados<\/strong>, de 13.27 por ciento, su mayor avance desde 1999. En los<strong>\u00a0servicios<\/strong>, el \u00edndice brinc\u00f3 de 5.23 a 5.43 por ciento anual.<\/p>\n\n\n\n<p>La\u00a0<strong>inflaci\u00f3n subyacente<\/strong>\u00a0explica el 70 por ciento de la inflaci\u00f3n general en los \u00faltimos doce meses.<\/p>\n\n\n\n<p>Fuente:<a href=\"https:\/\/www.elfinanciero.com.mx\/economia\/2022\/09\/23\/y-lo-que-falta-inflacion-aun-no-toca-su-pico-ante-mayores-precios-en-alimentos\/?outputType=amp\" data-type=\"URL\" data-id=\"https:\/\/www.elfinanciero.com.mx\/economia\/2022\/09\/23\/y-lo-que-falta-inflacion-aun-no-toca-su-pico-ante-mayores-precios-en-alimentos\/?outputType=amp\"> El Financiero<\/a><\/p>\n","protected":false},"excerpt":{"rendered":"<p>La\u00a0inflaci\u00f3n en M\u00e9xico\u00a0se moder\u00f3 ligeramente en la primera quincena de septiembre, pero los analistas descartaron que ya haya alcanzado su \u2018pico\u2019, ya que el \u00edndice subyacente se aceler\u00f3 por el incremento en los\u00a0precios de alimentos\u00a0y en algunos servicios, por lo que se espera que las presiones persistan hacia el cierre de a\u00f1o. El\u00cdndice Nacional de [&hellip;]<\/p>\n","protected":false},"author":35,"featured_media":31865,"comment_status":"open","ping_status":"open","sticky":false,"template":"","format":"standard","meta":{"_monsterinsights_skip_tracking":false,"_monsterinsights_sitenote_active":false,"_monsterinsights_sitenote_note":"","_monsterinsights_sitenote_category":0,"footnotes":""},"categories":[157],"tags":[2978,19575,162],"class_list":["post-75389","post","type-post","status-publish","format-standard","has-post-thumbnail","hentry","category-nacional","tag-inflacion","tag-no-toca","tag-portada","wp-image-borders"],"amp_enabled":true,"_links":{"self":[{"href":"https:\/\/nvnoticias.mx\/index.php\/wp-json\/wp\/v2\/posts\/75389","targetHints":{"allow":["GET"]}}],"collection":[{"href":"https:\/\/nvnoticias.mx\/index.php\/wp-json\/wp\/v2\/posts"}],"about":[{"href":"https:\/\/nvnoticias.mx\/index.php\/wp-json\/wp\/v2\/types\/post"}],"author":[{"embeddable":true,"href":"https:\/\/nvnoticias.mx\/index.php\/wp-json\/wp\/v2\/users\/35"}],"replies":[{"embeddable":true,"href":"https:\/\/nvnoticias.mx\/index.php\/wp-json\/wp\/v2\/comments?post=75389"}],"version-history":[{"count":3,"href":"https:\/\/nvnoticias.mx\/index.php\/wp-json\/wp\/v2\/posts\/75389\/revisions"}],"predecessor-version":[{"id":75393,"href":"https:\/\/nvnoticias.mx\/index.php\/wp-json\/wp\/v2\/posts\/75389\/revisions\/75393"}],"wp:featuredmedia":[{"embeddable":true,"href":"https:\/\/nvnoticias.mx\/index.php\/wp-json\/wp\/v2\/media\/31865"}],"wp:attachment":[{"href":"https:\/\/nvnoticias.mx\/index.php\/wp-json\/wp\/v2\/media?parent=75389"}],"wp:term":[{"taxonomy":"category","embeddable":true,"href":"https:\/\/nvnoticias.mx\/index.php\/wp-json\/wp\/v2\/categories?post=75389"},{"taxonomy":"post_tag","embeddable":true,"href":"https:\/\/nvnoticias.mx\/index.php\/wp-json\/wp\/v2\/tags?post=75389"}],"curies":[{"name":"wp","href":"https:\/\/api.w.org\/{rel}","templated":true}]}}