{"id":75329,"date":"2022-09-22T14:18:06","date_gmt":"2022-09-22T19:18:06","guid":{"rendered":"https:\/\/nvnoticias.mx\/?p=75329"},"modified":"2022-09-22T14:18:07","modified_gmt":"2022-09-22T19:18:07","slug":"santi-gimenez-asegura-que-no-jugaria-en-el-america","status":"publish","type":"post","link":"https:\/\/nvnoticias.mx\/index.php\/2022\/09\/22\/santi-gimenez-asegura-que-no-jugaria-en-el-america\/","title":{"rendered":"Santi Gim\u00e9nez asegura que no jugar\u00eda en el Am\u00e9rica"},"content":{"rendered":"\n<p>Uno de los futbolistas que est\u00e1 viviendo un gran momento es\u00a0Santiago Gim\u00e9nez, quien actualmente es atacante del Feyenoord de la Eredivisie y comienza a destacar con sus goles.<\/p>\n\n\n\n<p>El\u00a0\u2018Chaquito\u2019\u00a0ha logrado brillar en el futbol europeo y desde que lleg\u00f3 no olvida sus ra\u00edces celestes. Recientemente sac\u00f3 su orgullo Cruzazulino para manifestar que nunca jugar\u00eda con el Am\u00e9rica.<\/p>\n\n\n\n<p>En una entrevista, Werevertumorro le coment\u00f3 al futbolista, \u201cDespu\u00e9s a lo mejor llegas al\u00a0Am\u00e9rica, no s\u00e9\u201d. A lo que Gim\u00e9nez de inmediato respondi\u00f3, \u201cNo, no. Eso s\u00ed nunca, nunca\u201d.<\/p>\n\n\n\n<p>El youtuber le record\u00f3 de manera ir\u00f3nica el fichaje del \u2018Cabecita\u2019, quien fue campe\u00f3n con\u00a0Cruz Azul\u00a0y actualmente juega con Las \u00c1guilas, \u201cAs\u00ed dec\u00eda un amigo que se apellida Rodr\u00edguez\u201d.<\/p>\n\n\n\n<figure class=\"wp-block-embed aligncenter is-type-rich is-provider-twitter wp-block-embed-twitter\"><div class=\"wp-block-embed__wrapper\">\n<blockquote class=\"twitter-tweet\" data-width=\"550\" data-dnt=\"true\"><p lang=\"es\" dir=\"ltr\">Mi Santi Gim\u00e9nez dice que nunca jugar\u00eda para el America. <br><br>En 10 a\u00f1os volver\u00e1 a Cruz Azul con 2 balones de Oro, m\u00e1ximo goleador del Chelsea. ???? <a href=\"https:\/\/t.co\/OyBRZSwvEb\">pic.twitter.com\/OyBRZSwvEb<\/a><\/p>&mdash; Mr. Rivero ???????? (@MisterRivero_) <a href=\"https:\/\/twitter.com\/MisterRivero_\/status\/1572708305881169920?ref_src=twsrc%5Etfw\">September 21, 2022<\/a><\/blockquote><script async src=\"https:\/\/platform.twitter.com\/widgets.js\" charset=\"utf-8\"><\/script>\n<\/div><\/figure>\n\n\n\n<p>Contrario a lo que hizo alguna vez su padre Christian Gim\u00e9nez, de defender a Cruz Azul y al Am\u00e9rica, Santiago reitera que nunca llegar\u00eda a Coapa.<\/p>\n\n\n\n<p>Actualmente, \u2018Santi\u2019 est\u00e1 teniendo una fuerte disputa con otros delanteros mexicanos por un lugar en la lista final de Gerardo Martino rumbo a la\u00a0Copa del Mundo de Qatar 2022.<\/p>\n\n\n\n<p>Fuente: <a href=\"https:\/\/www.eluniversal.com.mx\/universal-deportes\/santiago-gimenez-le-hace-el-feo-al-america-regresaria-la-liga-mx\">El Universal<\/a><\/p>\n","protected":false},"excerpt":{"rendered":"<p>Uno de los futbolistas que est\u00e1 viviendo un gran momento es\u00a0Santiago Gim\u00e9nez, quien actualmente es atacante del Feyenoord de la Eredivisie y comienza a destacar con sus goles. El\u00a0\u2018Chaquito\u2019\u00a0ha logrado brillar en el futbol europeo y desde que lleg\u00f3 no olvida sus ra\u00edces celestes. Recientemente sac\u00f3 su orgullo Cruzazulino para manifestar que nunca jugar\u00eda con [&hellip;]<\/p>\n","protected":false},"author":8,"featured_media":66855,"comment_status":"open","ping_status":"open","sticky":false,"template":"","format":"standard","meta":{"_monsterinsights_skip_tracking":false,"_monsterinsights_sitenote_active":false,"_monsterinsights_sitenote_note":"","_monsterinsights_sitenote_category":0,"footnotes":""},"categories":[159],"tags":[379,361,17699],"class_list":["post-75329","post","type-post","status-publish","format-standard","has-post-thumbnail","hentry","category-deportes","tag-america","tag-cruz-azul","tag-santiago-gimenez","wp-image-borders"],"amp_enabled":true,"_links":{"self":[{"href":"https:\/\/nvnoticias.mx\/index.php\/wp-json\/wp\/v2\/posts\/75329","targetHints":{"allow":["GET"]}}],"collection":[{"href":"https:\/\/nvnoticias.mx\/index.php\/wp-json\/wp\/v2\/posts"}],"about":[{"href":"https:\/\/nvnoticias.mx\/index.php\/wp-json\/wp\/v2\/types\/post"}],"author":[{"embeddable":true,"href":"https:\/\/nvnoticias.mx\/index.php\/wp-json\/wp\/v2\/users\/8"}],"replies":[{"embeddable":true,"href":"https:\/\/nvnoticias.mx\/index.php\/wp-json\/wp\/v2\/comments?post=75329"}],"version-history":[{"count":1,"href":"https:\/\/nvnoticias.mx\/index.php\/wp-json\/wp\/v2\/posts\/75329\/revisions"}],"predecessor-version":[{"id":75330,"href":"https:\/\/nvnoticias.mx\/index.php\/wp-json\/wp\/v2\/posts\/75329\/revisions\/75330"}],"wp:featuredmedia":[{"embeddable":true,"href":"https:\/\/nvnoticias.mx\/index.php\/wp-json\/wp\/v2\/media\/66855"}],"wp:attachment":[{"href":"https:\/\/nvnoticias.mx\/index.php\/wp-json\/wp\/v2\/media?parent=75329"}],"wp:term":[{"taxonomy":"category","embeddable":true,"href":"https:\/\/nvnoticias.mx\/index.php\/wp-json\/wp\/v2\/categories?post=75329"},{"taxonomy":"post_tag","embeddable":true,"href":"https:\/\/nvnoticias.mx\/index.php\/wp-json\/wp\/v2\/tags?post=75329"}],"curies":[{"name":"wp","href":"https:\/\/api.w.org\/{rel}","templated":true}]}}