{"id":75323,"date":"2022-09-22T13:52:20","date_gmt":"2022-09-22T18:52:20","guid":{"rendered":"https:\/\/nvnoticias.mx\/?p=75323"},"modified":"2022-09-22T13:52:21","modified_gmt":"2022-09-22T18:52:21","slug":"conato-de-incendio-en-plaza-americas-no-dejo-lesionados","status":"publish","type":"post","link":"https:\/\/nvnoticias.mx\/index.php\/2022\/09\/22\/conato-de-incendio-en-plaza-americas-no-dejo-lesionados\/","title":{"rendered":"Conato de incendio en Plaza Am\u00e9ricas no dej\u00f3 lesionados"},"content":{"rendered":"\n<p><strong>Jes\u00fas Utrilla \/ NV Noticias<\/strong><\/p>\n\n\n\n<p>No hubo ning\u00fan lesionados en el conato de incendio que se registr\u00f3 en un local comercial de Plaza Am\u00e9ricas.<\/p>\n\n\n\n<p>El alcalde de Boca Del R\u00edo Juan Manuel de Unanue Abascal se\u00f1al\u00f3 que atendi\u00f3 de manera inmediata a trav\u00e9s de Bomberos y Protecci\u00f3n Civil y se espera que se acerque el propietario para atender el tema.<\/p>\n\n\n\n<blockquote class=\"wp-block-quote is-layout-flow wp-block-quote-is-layout-flow\"><p>\u201c<em>No hubo ning\u00fan incidente que lamentar pero acudimos de inmediato con los bomberos y la gente de seguridad de la plaza hizo lo propio lo que permiti\u00f3 que no pasara de una alarma<\/em>\u201d.<\/p><\/blockquote>\n\n\n\n<p>Admiti\u00f3 que se trat\u00f3 de un accidente ya que existen revisiones peri\u00f3dicas en la plaza para que todos cuenten con los permisos y medidas internas de protecci\u00f3n civil correspondientes.<\/p>\n\n\n\n<p>Al parecer fue un cortocircuito pero se realiza el peritaje correspondiente.<\/p>\n\n\n\n<p>Antes del 15 de diciembre quedar\u00e1n concluidas las obras que se llevan a cabo en el municipio de Boca Del R\u00edo.<\/p>\n\n\n\n<p>El alcalde Juan Manuel de Unanue Abascal se\u00f1al\u00f3 que m\u00e1s de 65 millones de pesos son para colonias populares y 38 millones para la zona tur\u00edstica.<\/p>\n\n\n\n<p>Adem\u00e1s se mantiene el programa de bacheo en diferentes partes de la ciudad.<\/p>\n\n\n\n<p>El presidente de Boca Del R\u00edo dio el banderazo a las obras de rehabilitaci\u00f3n de la calle Jos\u00e9 Hern\u00e1ndez Sierra, de la Ampliaci\u00f3n Villa Rica.<\/p>\n\n\n\n<p>La inversi\u00f3n es de 3.8 millones de pesos para 3 mil metros cuadrados de pavimentaci\u00f3n en asfalto, m\u00e1s de mil metros en banqueta de concreto, as\u00ed como pintura, se\u00f1al\u00e9tica y luminarias<\/p>\n","protected":false},"excerpt":{"rendered":"<p>Jes\u00fas Utrilla \/ NV Noticias No hubo ning\u00fan lesionados en el conato de incendio que se registr\u00f3 en un local comercial de Plaza Am\u00e9ricas. El alcalde de Boca Del R\u00edo Juan Manuel de Unanue Abascal se\u00f1al\u00f3 que atendi\u00f3 de manera inmediata a trav\u00e9s de Bomberos y Protecci\u00f3n Civil y se espera que se acerque el [&hellip;]<\/p>\n","protected":false},"author":8,"featured_media":75324,"comment_status":"open","ping_status":"open","sticky":false,"template":"","format":"standard","meta":{"_monsterinsights_skip_tracking":false,"_monsterinsights_sitenote_active":false,"_monsterinsights_sitenote_note":"","_monsterinsights_sitenote_category":0,"footnotes":""},"categories":[154],"tags":[310,4974],"class_list":["post-75323","post","type-post","status-publish","format-standard","has-post-thumbnail","hentry","category-veracruz","tag-incendio","tag-plaza-americas","wp-image-borders"],"amp_enabled":true,"_links":{"self":[{"href":"https:\/\/nvnoticias.mx\/index.php\/wp-json\/wp\/v2\/posts\/75323","targetHints":{"allow":["GET"]}}],"collection":[{"href":"https:\/\/nvnoticias.mx\/index.php\/wp-json\/wp\/v2\/posts"}],"about":[{"href":"https:\/\/nvnoticias.mx\/index.php\/wp-json\/wp\/v2\/types\/post"}],"author":[{"embeddable":true,"href":"https:\/\/nvnoticias.mx\/index.php\/wp-json\/wp\/v2\/users\/8"}],"replies":[{"embeddable":true,"href":"https:\/\/nvnoticias.mx\/index.php\/wp-json\/wp\/v2\/comments?post=75323"}],"version-history":[{"count":1,"href":"https:\/\/nvnoticias.mx\/index.php\/wp-json\/wp\/v2\/posts\/75323\/revisions"}],"predecessor-version":[{"id":75325,"href":"https:\/\/nvnoticias.mx\/index.php\/wp-json\/wp\/v2\/posts\/75323\/revisions\/75325"}],"wp:featuredmedia":[{"embeddable":true,"href":"https:\/\/nvnoticias.mx\/index.php\/wp-json\/wp\/v2\/media\/75324"}],"wp:attachment":[{"href":"https:\/\/nvnoticias.mx\/index.php\/wp-json\/wp\/v2\/media?parent=75323"}],"wp:term":[{"taxonomy":"category","embeddable":true,"href":"https:\/\/nvnoticias.mx\/index.php\/wp-json\/wp\/v2\/categories?post=75323"},{"taxonomy":"post_tag","embeddable":true,"href":"https:\/\/nvnoticias.mx\/index.php\/wp-json\/wp\/v2\/tags?post=75323"}],"curies":[{"name":"wp","href":"https:\/\/api.w.org\/{rel}","templated":true}]}}