{"id":75307,"date":"2022-09-22T12:51:43","date_gmt":"2022-09-22T17:51:43","guid":{"rendered":"https:\/\/nvnoticias.mx\/?p=75307"},"modified":"2022-09-22T12:51:43","modified_gmt":"2022-09-22T17:51:43","slug":"invitan-a-participar-en-convocatoria-del-instituto-de-la-superacion-ciudadana","status":"publish","type":"post","link":"https:\/\/nvnoticias.mx\/index.php\/2022\/09\/22\/invitan-a-participar-en-convocatoria-del-instituto-de-la-superacion-ciudadana\/","title":{"rendered":"Invitan a participar en convocatoria del Instituto de la Superaci\u00f3n Ciudadana"},"content":{"rendered":"\n<p><strong>Jes\u00fas Utrilla \/ NV Noticias<\/strong><\/p>\n\n\n\n<p>El Instituto de la Superaci\u00f3n Ciudadana lanz\u00f3 la convocatoria para la entrega de premios n\u00famero 69 para incentivar a 160 ni\u00f1as y ni\u00f1os de 235 escuelas primarias del municipio de Veracruz, tanto p\u00fablicas como privadas.<\/p>\n\n\n\n<p>Se reconocer\u00e1 su perseverancia por ser alumnos de excelencia con los mejores promedios obtenidos en la educaci\u00f3n b\u00e1sica.<\/p>\n\n\n\n<p>La ceremonia ser\u00e1 el 20 de noviembre en el Teatro Francisco Javier Clavijero.\u00a0<\/p>\n\n\n\n<p>Los ni\u00f1os visitar\u00e1n Xalapa, Ciudad de M\u00e9xico, Guanajuato, San Miguel de Allende, Dores Hidalgo y C\u00f3rdoba.<\/p>\n\n\n\n<p>Adolfo Franyuti Malpica, patrono del Instituto de la Superaci\u00f3n Ciudadana, dijo que adem\u00e1s<br>durante octubre el instituto recibir\u00e1 las propuestas para reconocer a los ciudadanos destacados de Veracruz.<\/p>\n\n\n\n<p>Adolfo Franyuti Malpica, patrono del Instituto de la Superaci\u00f3n Ciudadana, dijo que las categor\u00edas son las siguientes:<\/p>\n\n\n\n<p>Educaci\u00f3n de la ni\u00f1ez; ejecutoria magisterial; orden y bienestar colectivo; decencia y seguridad p\u00fablica; civismo; cultura; generosidad; suprema elevaci\u00f3n espiritual; dignificaci\u00f3n del trabajador; colaboraci\u00f3n social; educaci\u00f3n f\u00edsica y padres de familia.<\/p>\n\n\n\n<p>Ser\u00e1 el patronato el que analice y eval\u00fae las propuestas que realice la poblaci\u00f3n en los distintos cap\u00edtulos.<\/p>\n","protected":false},"excerpt":{"rendered":"<p>Jes\u00fas Utrilla \/ NV Noticias El Instituto de la Superaci\u00f3n Ciudadana lanz\u00f3 la convocatoria para la entrega de premios n\u00famero 69 para incentivar a 160 ni\u00f1as y ni\u00f1os de 235 escuelas primarias del municipio de Veracruz, tanto p\u00fablicas como privadas. Se reconocer\u00e1 su perseverancia por ser alumnos de excelencia con los mejores promedios obtenidos en [&hellip;]<\/p>\n","protected":false},"author":8,"featured_media":75308,"comment_status":"open","ping_status":"open","sticky":false,"template":"","format":"standard","meta":{"_monsterinsights_skip_tracking":false,"_monsterinsights_sitenote_active":false,"_monsterinsights_sitenote_note":"","_monsterinsights_sitenote_category":0,"footnotes":""},"categories":[154],"tags":[286,19557],"class_list":["post-75307","post","type-post","status-publish","format-standard","has-post-thumbnail","hentry","category-veracruz","tag-convocatoria","tag-superacion-ciudadana","wp-image-borders"],"amp_enabled":true,"_links":{"self":[{"href":"https:\/\/nvnoticias.mx\/index.php\/wp-json\/wp\/v2\/posts\/75307","targetHints":{"allow":["GET"]}}],"collection":[{"href":"https:\/\/nvnoticias.mx\/index.php\/wp-json\/wp\/v2\/posts"}],"about":[{"href":"https:\/\/nvnoticias.mx\/index.php\/wp-json\/wp\/v2\/types\/post"}],"author":[{"embeddable":true,"href":"https:\/\/nvnoticias.mx\/index.php\/wp-json\/wp\/v2\/users\/8"}],"replies":[{"embeddable":true,"href":"https:\/\/nvnoticias.mx\/index.php\/wp-json\/wp\/v2\/comments?post=75307"}],"version-history":[{"count":1,"href":"https:\/\/nvnoticias.mx\/index.php\/wp-json\/wp\/v2\/posts\/75307\/revisions"}],"predecessor-version":[{"id":75309,"href":"https:\/\/nvnoticias.mx\/index.php\/wp-json\/wp\/v2\/posts\/75307\/revisions\/75309"}],"wp:featuredmedia":[{"embeddable":true,"href":"https:\/\/nvnoticias.mx\/index.php\/wp-json\/wp\/v2\/media\/75308"}],"wp:attachment":[{"href":"https:\/\/nvnoticias.mx\/index.php\/wp-json\/wp\/v2\/media?parent=75307"}],"wp:term":[{"taxonomy":"category","embeddable":true,"href":"https:\/\/nvnoticias.mx\/index.php\/wp-json\/wp\/v2\/categories?post=75307"},{"taxonomy":"post_tag","embeddable":true,"href":"https:\/\/nvnoticias.mx\/index.php\/wp-json\/wp\/v2\/tags?post=75307"}],"curies":[{"name":"wp","href":"https:\/\/api.w.org\/{rel}","templated":true}]}}