{"id":753,"date":"2021-01-08T13:43:52","date_gmt":"2021-01-08T19:43:52","guid":{"rendered":"https:\/\/nvnoticias.mx\/?p=753"},"modified":"2021-01-08T13:54:23","modified_gmt":"2021-01-08T19:54:23","slug":"veracruz-tiene-rezago-de-75-en-identificacion-de-restos-humanos-hallados-en-fosas","status":"publish","type":"post","link":"https:\/\/nvnoticias.mx\/index.php\/2021\/01\/08\/veracruz-tiene-rezago-de-75-en-identificacion-de-restos-humanos-hallados-en-fosas\/","title":{"rendered":"Veracruz tiene rezago de 75% en identificaci\u00f3n de restos humanos hallados en fosas"},"content":{"rendered":"\n<p><strong>Sam Ojeda \/ NV Noticias<\/strong><\/p>\n\n\n\n<p>Xalapa.- El 75 por ciento de los restos humanos hallados en fosas clandestinas de Veracruz no ha sido identificados, advirti\u00f3 la&nbsp; integrante del Colectivo Solecito Veracruz, Luc\u00eda de Los \u00c1ngeles D\u00edaz Genao.<\/p>\n\n\n\n<p>Ejemplific\u00f3 que en las fosas clandestinas de Colinas de Santa Fe en el Puerto de Veracruz se han identificado nada mas 30 de 300 restos.<\/p>\n\n\n\n<p>Y agreg\u00f3 que tan solo entre Colinas de Santa Fe y las fosas en la localidad de Arbolillo en el municipio de Alvarado se han logrado apenas 50 identificaciones, a pesar de que son pr\u00e1cticamente 600 cuerpos entre ambos.<\/p>\n\n\n\n<blockquote class=\"wp-block-quote is-layout-flow wp-block-quote-is-layout-flow\"><p>\u201cEso debe a que muchas carpetas no tienen perfiles gen\u00e9ticos y se lo hemos hecho saber\u201d, por ello consider\u00f3 que este 2021 la Fiscal\u00eda General de Veracruz (FGE) debe avanzar en este proceso.<\/p><\/blockquote>\n\n\n\n<p>D\u00edaz Genao agreg\u00f3 est\u00e1 pendiente la creaci\u00f3n de la Polic\u00eda Especializada en B\u00fasqueda de Personas Desaparecidas con personas que tengan el perfil para realizar estas b\u00fasquedas.<\/p>\n\n\n\n<blockquote class=\"wp-block-quote is-layout-flow wp-block-quote-is-layout-flow\"><p>\u201cEs urgente debido a que no es lo mismo una persona que investiga un robo, un abigeato que una desaparici\u00f3n. Te la quedamos a deber, ha sido muy desafortunado todo, no se ha logrado y m\u00e1s ahora con la pandemia\u201d.<\/p><\/blockquote>\n","protected":false},"excerpt":{"rendered":"<p>Sam Ojeda \/ NV Noticias Xalapa.- El 75 por ciento de los restos humanos hallados en fosas clandestinas de Veracruz no ha sido identificados, advirti\u00f3 la&nbsp; integrante del Colectivo Solecito Veracruz, Luc\u00eda de Los \u00c1ngeles D\u00edaz Genao. Ejemplific\u00f3 que en las fosas clandestinas de Colinas de Santa Fe en el Puerto de Veracruz se han [&hellip;]<\/p>\n","protected":false},"author":6,"featured_media":754,"comment_status":"open","ping_status":"open","sticky":false,"template":"","format":"standard","meta":{"_monsterinsights_skip_tracking":false,"_monsterinsights_sitenote_active":false,"_monsterinsights_sitenote_note":"","_monsterinsights_sitenote_category":0,"footnotes":""},"categories":[156],"tags":[295,162,296,180],"class_list":["post-753","post","type-post","status-publish","format-standard","has-post-thumbnail","hentry","category-estado","tag-fosas","tag-portada","tag-rezago","tag-veracruz","wp-image-borders"],"amp_enabled":true,"_links":{"self":[{"href":"https:\/\/nvnoticias.mx\/index.php\/wp-json\/wp\/v2\/posts\/753","targetHints":{"allow":["GET"]}}],"collection":[{"href":"https:\/\/nvnoticias.mx\/index.php\/wp-json\/wp\/v2\/posts"}],"about":[{"href":"https:\/\/nvnoticias.mx\/index.php\/wp-json\/wp\/v2\/types\/post"}],"author":[{"embeddable":true,"href":"https:\/\/nvnoticias.mx\/index.php\/wp-json\/wp\/v2\/users\/6"}],"replies":[{"embeddable":true,"href":"https:\/\/nvnoticias.mx\/index.php\/wp-json\/wp\/v2\/comments?post=753"}],"version-history":[{"count":2,"href":"https:\/\/nvnoticias.mx\/index.php\/wp-json\/wp\/v2\/posts\/753\/revisions"}],"predecessor-version":[{"id":756,"href":"https:\/\/nvnoticias.mx\/index.php\/wp-json\/wp\/v2\/posts\/753\/revisions\/756"}],"wp:featuredmedia":[{"embeddable":true,"href":"https:\/\/nvnoticias.mx\/index.php\/wp-json\/wp\/v2\/media\/754"}],"wp:attachment":[{"href":"https:\/\/nvnoticias.mx\/index.php\/wp-json\/wp\/v2\/media?parent=753"}],"wp:term":[{"taxonomy":"category","embeddable":true,"href":"https:\/\/nvnoticias.mx\/index.php\/wp-json\/wp\/v2\/categories?post=753"},{"taxonomy":"post_tag","embeddable":true,"href":"https:\/\/nvnoticias.mx\/index.php\/wp-json\/wp\/v2\/tags?post=753"}],"curies":[{"name":"wp","href":"https:\/\/api.w.org\/{rel}","templated":true}]}}