{"id":75185,"date":"2022-09-21T16:51:52","date_gmt":"2022-09-21T21:51:52","guid":{"rendered":"https:\/\/nvnoticias.mx\/?p=75185"},"modified":"2022-09-21T16:51:53","modified_gmt":"2022-09-21T21:51:53","slug":"habra-51-frentes-frios-en-mexico-los-primeros-dos-son-este-mes","status":"publish","type":"post","link":"https:\/\/nvnoticias.mx\/index.php\/2022\/09\/21\/habra-51-frentes-frios-en-mexico-los-primeros-dos-son-este-mes\/","title":{"rendered":"Habr\u00e1 51 frentes fr\u00edos en M\u00e9xico; los primeros dos son este mes"},"content":{"rendered":"\n<p>La\u00a0Comisi\u00f3n Nacional del Agua (Conagua)\u00a0dio por iniciada la temporada de frentes fr\u00edos, misma que se extiende desde septiembre de este a\u00f1o hasta mayo de 2023. Se pronostican 51 frentes para este periodo, seg\u00fan dijo la dependencia en conferencia de prensa este mi\u00e9rcoles 21 de septiembre.<\/p>\n\n\n\n<p>Se espera que el primer frente fr\u00edo llegue el domingo 25 de septiembre al norte del pa\u00eds y posteriormente se desplace hacia el sur.<\/p>\n\n\n\n<h4 class=\"wp-block-heading\">Estos son los frentes fr\u00edos pronosticados para cada mes<\/h4>\n\n\n\n<ul class=\"wp-block-list\"><li>Septiembre: dos<\/li><li>Octubre: cinco<\/li><li>Noviembre: seis<\/li><li>Diciembre: ocho<\/li><\/ul>\n\n\n\n<p>Para 2023:<\/p>\n\n\n\n<ul class=\"wp-block-list\"><li>Enero: nueve<\/li><li>Febrero: siete<\/li><li>Marzo: siete<\/li><li>Abril: seis<\/li><li>Mayo: uno<\/li><\/ul>\n\n\n\n<p>Enero ser\u00e1 el mes con m\u00e1s frentes fr\u00edos en esta temporada, seg\u00fan detall\u00f3 la Conagua en conferencia de prensa de este mi\u00e9rcoles 21 de septiembre.<\/p>\n\n\n\n<h4 class=\"wp-block-heading\">Los estados con m\u00e1s bajas en la temperatura por frentes fr\u00edos son:<\/h4>\n\n\n\n<ul class=\"wp-block-list\"><li>Chihuahua.<\/li><li>Durango.<\/li><li>Zacatecas.<\/li><li>Tlaxcala.<\/li><li>Estado de M\u00e9xico.<\/li><li>Puebla.<\/li><li>Ciudad de M\u00e9xico.<\/li><\/ul>\n\n\n\n<blockquote class=\"wp-block-quote is-layout-flow wp-block-quote-is-layout-flow\"><p>\u201c<em>Es importante destacar el inicio de la temporada de frentes fr\u00edos que comienza en la transici\u00f3n de verano-oto\u00f1o, cu\u00e1ndo hay ciclones tropicales. En esta \u00e9poca se deben extremar las precauciones en la gente<\/em>\u201d, dijo la Conagua.<\/p><\/blockquote>\n\n\n\n<p>La dependencia asegur\u00f3 que una de las principales labores que deber\u00e1 atender mientras los frentes fr\u00edos se cruzan con los ciclones tropicales son las inundaciones.<\/p>\n\n\n\n<p>Fuente: <a href=\"https:\/\/www.elfinanciero.com.mx\/nacional\/2022\/09\/21\/temporada-de-frentes-frios-2022-en-mexico-inicia-en-septiembre\/\">El Financiero<\/a><\/p>\n","protected":false},"excerpt":{"rendered":"<p>La\u00a0Comisi\u00f3n Nacional del Agua (Conagua)\u00a0dio por iniciada la temporada de frentes fr\u00edos, misma que se extiende desde septiembre de este a\u00f1o hasta mayo de 2023. Se pronostican 51 frentes para este periodo, seg\u00fan dijo la dependencia en conferencia de prensa este mi\u00e9rcoles 21 de septiembre. Se espera que el primer frente fr\u00edo llegue el domingo [&hellip;]<\/p>\n","protected":false},"author":8,"featured_media":75186,"comment_status":"open","ping_status":"open","sticky":false,"template":"","format":"standard","meta":{"_monsterinsights_skip_tracking":false,"_monsterinsights_sitenote_active":false,"_monsterinsights_sitenote_note":"","_monsterinsights_sitenote_category":0,"footnotes":""},"categories":[157],"tags":[1576,266,292,162],"class_list":["post-75185","post","type-post","status-publish","format-standard","has-post-thumbnail","hentry","category-nacional","tag-conagua","tag-frente-frio","tag-mexico","tag-portada","wp-image-borders"],"amp_enabled":true,"_links":{"self":[{"href":"https:\/\/nvnoticias.mx\/index.php\/wp-json\/wp\/v2\/posts\/75185","targetHints":{"allow":["GET"]}}],"collection":[{"href":"https:\/\/nvnoticias.mx\/index.php\/wp-json\/wp\/v2\/posts"}],"about":[{"href":"https:\/\/nvnoticias.mx\/index.php\/wp-json\/wp\/v2\/types\/post"}],"author":[{"embeddable":true,"href":"https:\/\/nvnoticias.mx\/index.php\/wp-json\/wp\/v2\/users\/8"}],"replies":[{"embeddable":true,"href":"https:\/\/nvnoticias.mx\/index.php\/wp-json\/wp\/v2\/comments?post=75185"}],"version-history":[{"count":1,"href":"https:\/\/nvnoticias.mx\/index.php\/wp-json\/wp\/v2\/posts\/75185\/revisions"}],"predecessor-version":[{"id":75187,"href":"https:\/\/nvnoticias.mx\/index.php\/wp-json\/wp\/v2\/posts\/75185\/revisions\/75187"}],"wp:featuredmedia":[{"embeddable":true,"href":"https:\/\/nvnoticias.mx\/index.php\/wp-json\/wp\/v2\/media\/75186"}],"wp:attachment":[{"href":"https:\/\/nvnoticias.mx\/index.php\/wp-json\/wp\/v2\/media?parent=75185"}],"wp:term":[{"taxonomy":"category","embeddable":true,"href":"https:\/\/nvnoticias.mx\/index.php\/wp-json\/wp\/v2\/categories?post=75185"},{"taxonomy":"post_tag","embeddable":true,"href":"https:\/\/nvnoticias.mx\/index.php\/wp-json\/wp\/v2\/tags?post=75185"}],"curies":[{"name":"wp","href":"https:\/\/api.w.org\/{rel}","templated":true}]}}