{"id":75156,"date":"2022-09-21T14:37:48","date_gmt":"2022-09-21T19:37:48","guid":{"rendered":"https:\/\/nvnoticias.mx\/?p=75156"},"modified":"2022-09-21T14:37:49","modified_gmt":"2022-09-21T19:37:49","slug":"aplaza-comision-en-san-lazaro-hasta-el-lunes-dictamen-para-eliminar-horario-de-verano","status":"publish","type":"post","link":"https:\/\/nvnoticias.mx\/index.php\/2022\/09\/21\/aplaza-comision-en-san-lazaro-hasta-el-lunes-dictamen-para-eliminar-horario-de-verano\/","title":{"rendered":"Aplaza comisi\u00f3n en San L\u00e1zaro hasta el lunes dictamen para eliminar horario de verano"},"content":{"rendered":"\n<p><strong>La Comisi\u00f3n de Energ\u00eda de la C\u00e1mara de Diputados aplaz\u00f3 hasta el pr\u00f3ximo lunes<\/strong>&nbsp;su reuni\u00f3n de trabajo para discutir y votar el dictamen sobre la&nbsp;<strong>eliminaci\u00f3n del horario de verano<\/strong>.<\/p>\n\n\n\n<p>Los legisladores integrantes de la comisi\u00f3n acordaron abrir un espacio de negociaci\u00f3n para incorporar modificaciones a los art\u00edculos transitorios del proyecto.<\/p>\n\n\n\n<blockquote class=\"wp-block-quote is-layout-flow wp-block-quote-is-layout-flow\"><p>\u201cLo que estamos tratando de hacer es lograr el consenso y esto va avanzando; entonces, mejor darnos el tiempo que sea necesario y que pueda salir algo de consenso en esta c\u00e1mara para que cuando pase al Senado pues tambi\u00e9n pase tambi\u00e9n con el aval del consenso\u201d, se\u00f1al\u00f3 el diputado presidente Santiago Creel.<\/p><\/blockquote>\n\n\n\n<p>No obstante, hasta ahora se mantiene la intenci\u00f3n de votar la nueva Ley de Husos Horarios el pr\u00f3ximo mi\u00e9rcoles 28 de septiembre en el pleno de la C\u00e1mara de Diputados.<\/p>\n\n\n\n<p>La iniciativa del presidente&nbsp;<strong>Andr\u00e9s Manuel L\u00f3pez Obrador<\/strong>&nbsp;prev\u00e9 la derogaci\u00f3n del decreto del 1 de marzo de 2002 por el que se estableci\u00f3 el horario estacional u horario de verano.<\/p>\n\n\n\n<p>De ser aprobado el proyecto, dicho horario se aplicar\u00eda exclusivamente en los municipios de la franja fronteriza norte del territorio nacional desde las 2 de la ma\u00f1ana del segundo domingo de marzo hasta las 2 de la ma\u00f1ana del primer domingo de noviembre.<\/p>\n\n\n\n<p>Para el resto del territorio se establecer\u00eda un horario est\u00e1ndar, de acuerdo con los husos horarios enumerados por la propia ley:<\/p>\n\n\n\n<ul class=\"wp-block-list\"><li><strong>Zona Centro<\/strong>, referida al meridiano 90 grados al oeste de Greenwich, que comprende la mayor parte del territorio nacional.<\/li><li><strong>Zona Pac\u00edfico<\/strong>, referida al meridiano 105 grados al oeste de Greenwich, que comprende los estados de Baja California Sur, Chihuahua y Nayarit, con excepci\u00f3n del municipio de Bah\u00eda de Banderas.<\/li><li><strong>Zona Noroeste<\/strong>, referida al meridiano 120 grados al oeste de Greenwich, que comprende el territorio de Baja California.<\/li><\/ul>\n\n\n\n<p>Fuente: <a href=\"https:\/\/www.milenio.com\/politica\/horario-verano-san-lazaro-aplaza-lunes-dictamen\" data-type=\"URL\" data-id=\"https:\/\/www.milenio.com\/politica\/horario-verano-san-lazaro-aplaza-lunes-dictamen\">Milenio<\/a><\/p>\n","protected":false},"excerpt":{"rendered":"<p>La Comisi\u00f3n de Energ\u00eda de la C\u00e1mara de Diputados aplaz\u00f3 hasta el pr\u00f3ximo lunes&nbsp;su reuni\u00f3n de trabajo para discutir y votar el dictamen sobre la&nbsp;eliminaci\u00f3n del horario de verano. Los legisladores integrantes de la comisi\u00f3n acordaron abrir un espacio de negociaci\u00f3n para incorporar modificaciones a los art\u00edculos transitorios del proyecto. \u201cLo que estamos tratando de [&hellip;]<\/p>\n","protected":false},"author":35,"featured_media":46513,"comment_status":"open","ping_status":"open","sticky":false,"template":"","format":"standard","meta":{"_monsterinsights_skip_tracking":false,"_monsterinsights_sitenote_active":false,"_monsterinsights_sitenote_note":"","_monsterinsights_sitenote_category":0,"footnotes":""},"categories":[158],"tags":[15594,19525,10072,6988,10108,4077],"class_list":["post-75156","post","type-post","status-publish","format-standard","has-post-thumbnail","hentry","category-politica","tag-aplaza","tag-dictamenten","tag-eliminar","tag-horario-de-verano","tag-lunes","tag-san-lazaro","wp-image-borders"],"amp_enabled":true,"_links":{"self":[{"href":"https:\/\/nvnoticias.mx\/index.php\/wp-json\/wp\/v2\/posts\/75156","targetHints":{"allow":["GET"]}}],"collection":[{"href":"https:\/\/nvnoticias.mx\/index.php\/wp-json\/wp\/v2\/posts"}],"about":[{"href":"https:\/\/nvnoticias.mx\/index.php\/wp-json\/wp\/v2\/types\/post"}],"author":[{"embeddable":true,"href":"https:\/\/nvnoticias.mx\/index.php\/wp-json\/wp\/v2\/users\/35"}],"replies":[{"embeddable":true,"href":"https:\/\/nvnoticias.mx\/index.php\/wp-json\/wp\/v2\/comments?post=75156"}],"version-history":[{"count":1,"href":"https:\/\/nvnoticias.mx\/index.php\/wp-json\/wp\/v2\/posts\/75156\/revisions"}],"predecessor-version":[{"id":75157,"href":"https:\/\/nvnoticias.mx\/index.php\/wp-json\/wp\/v2\/posts\/75156\/revisions\/75157"}],"wp:featuredmedia":[{"embeddable":true,"href":"https:\/\/nvnoticias.mx\/index.php\/wp-json\/wp\/v2\/media\/46513"}],"wp:attachment":[{"href":"https:\/\/nvnoticias.mx\/index.php\/wp-json\/wp\/v2\/media?parent=75156"}],"wp:term":[{"taxonomy":"category","embeddable":true,"href":"https:\/\/nvnoticias.mx\/index.php\/wp-json\/wp\/v2\/categories?post=75156"},{"taxonomy":"post_tag","embeddable":true,"href":"https:\/\/nvnoticias.mx\/index.php\/wp-json\/wp\/v2\/tags?post=75156"}],"curies":[{"name":"wp","href":"https:\/\/api.w.org\/{rel}","templated":true}]}}