{"id":75140,"date":"2022-09-21T13:56:58","date_gmt":"2022-09-21T18:56:58","guid":{"rendered":"https:\/\/nvnoticias.mx\/?p=75140"},"modified":"2022-09-21T13:56:59","modified_gmt":"2022-09-21T18:56:59","slug":"vuelven-principe-harry-y-meghan-a-casa-sin-aclarar-su-relacion-con-la-familia-real","status":"publish","type":"post","link":"https:\/\/nvnoticias.mx\/index.php\/2022\/09\/21\/vuelven-principe-harry-y-meghan-a-casa-sin-aclarar-su-relacion-con-la-familia-real\/","title":{"rendered":"Vuelven pr\u00edncipe Harry y Meghan a casa sin aclarar su relaci\u00f3n con la familia real"},"content":{"rendered":"\n<p>Mucho se ha hablado sobre el reencuentro en p\u00fablico del&nbsp;<strong>pr\u00edncipe Harry&nbsp;<\/strong>y&nbsp;<strong>Meghan Markle<\/strong>&nbsp;con la familia real tras la muerte de la reina Isabel II, pero a\u00fan m\u00e1s hizo eco en la prensa su reuni\u00f3n en p\u00fablico con el<strong>&nbsp;pr\u00edncipe William y Kate Middleton<\/strong>&nbsp;tras su sonado distanciamiento; sin embargo, la actriz y su esposo han vuelto a casa junto a sus hijos dejando abierta la inc\u00f3gnita sobre si hubo una<strong>&nbsp;reconciliaci\u00f3n.&nbsp;<\/strong><\/p>\n\n\n\n<p>En un primer momento el viaje de Harry y Meghan a Reino Unido fue debido a sus compromisos de beneficencia, pero tras la repentina muerte de la monarca\u00a0decidieron quedarse hasta el funeral.<\/p>\n\n\n\n<p>De acuerdo con la publicaci\u00f3n<em>\u00a0Hello!<\/em>, inmediatamente un d\u00eda despu\u00e9s de que concluyeron los servicios f\u00fanebres se subieron a un avi\u00f3n\u00a0en el aeropuerto de Londres-Heathrow para volver a su residencia en California, Estados Unidos tras m\u00e1s de dos semanas sin ver a sus hijos,\u00a0<strong>Archie<\/strong>, de 3 a\u00f1os, y\u00a0<strong>Lilibet<\/strong>, de s\u00f3lo un a\u00f1o.\u00a0<\/p>\n\n\n\n<p>Su aparici\u00f3n en Londres lejos de resolver las dudas sobre c\u00f3mo es actualmente su relaci\u00f3n con la familia real despert\u00f3 nuevas interrogantes en medio del pol\u00e9mico anuncio del&nbsp;libro de memorias de Harry que se tiene previsto salga a la luz el pr\u00f3ximo a\u00f1o.<\/p>\n\n\n\n<p>Y es que a pesar de que Meghan y Harry pasaron un largo d\u00eda a lado de los pr\u00edncipes de Gales en la puerta del Castillo de Windsor para agradecer las muestras cari\u00f1o y ver las ofrendas de flores,<strong>\u00a0pr\u00e1cticamente no cruzaron palabras y prefirieron mantener una considerable distancia.<\/strong><\/p>\n\n\n\n<p>Una escena similar se repiti\u00f3 el pasado lunes cuando William\u00a0y Harry caminaron juntos el lunes detr\u00e1s del f\u00e9retro de la reina Isabel II, tal y como hicieron hace 25 a\u00f1os con su madre, la princesa Diana, pero\u00a0<strong>sin mostrar signos de\u00a0reconciliaci\u00f3n.\u00a0<\/strong><\/p>\n\n\n\n<p>A la entrada de la Abad\u00eda de Westminster, los hermanos, que en su d\u00eda estaban tan unidos que pod\u00edan terminar las frases del otro, estuvieron acompa\u00f1ados por sus esposas y por&nbsp;<strong>los dos hijos mayores de Guillermo y Catalina, el pr\u00edncipe George, de nueve a\u00f1os, y la princesa Charlotte, de siete,<\/strong>&nbsp;que ocupan el segundo y el tercer lugar, respectivamente, en la l\u00ednea de sucesi\u00f3n a su abuelo.<br><\/p>\n\n\n\n<p>Los cuatro, que fueron vistos como el futuro de la monarqu\u00eda hasta que se separaron,\u00a0<strong>no hicieron contacto visual mientras avanzaban por el pasillo detr\u00e1s del ata\u00fad y se sentaron por separado.\u00a0<\/strong><\/p>\n\n\n\n<p>Dos d\u00edas despu\u00e9s de la muerte de la reina, las esperanzas de la opini\u00f3n p\u00fablica de que se pusiera fin a la da\u00f1ina ruptura surgieron tambi\u00e9n cuando las dos parejas aparecieron en un paseo improvisado fuera del castillo de Windsor.<\/p>\n\n\n\n<p>Sin embargo, fuentes han declarado al Daily Mail que hasta ahora no se hab\u00eda producido\u00a0<strong>&#8220;ning\u00fan acercamiento significativo&#8221;.\u00a0<\/strong><\/p>\n\n\n\n<p>Fuente: <a href=\"https:\/\/www.milenio.com\/estilo\/principe-harry-meghan-regresa-casa-hijos-reconciliacion\" data-type=\"URL\" data-id=\"https:\/\/www.milenio.com\/estilo\/principe-harry-meghan-regresa-casa-hijos-reconciliacion\">Milenio<\/a><\/p>\n","protected":false},"excerpt":{"rendered":"<p>Mucho se ha hablado sobre el reencuentro en p\u00fablico del&nbsp;pr\u00edncipe Harry&nbsp;y&nbsp;Meghan Markle&nbsp;con la familia real tras la muerte de la reina Isabel II, pero a\u00fan m\u00e1s hizo eco en la prensa su reuni\u00f3n en p\u00fablico con el&nbsp;pr\u00edncipe William y Kate Middleton&nbsp;tras su sonado distanciamiento; sin embargo, la actriz y su esposo han vuelto a casa [&hellip;]<\/p>\n","protected":false},"author":35,"featured_media":74775,"comment_status":"open","ping_status":"open","sticky":false,"template":"","format":"standard","meta":{"_monsterinsights_skip_tracking":false,"_monsterinsights_sitenote_active":false,"_monsterinsights_sitenote_note":"","_monsterinsights_sitenote_category":0,"footnotes":""},"categories":[576],"tags":[19087,88,107,7446],"class_list":["post-75140","post","type-post","status-publish","format-standard","has-post-thumbnail","hentry","category-ocio","tag-familia-real","tag-meghan-markle","tag-prince-harry","tag-relacion","wp-image-borders"],"amp_enabled":true,"_links":{"self":[{"href":"https:\/\/nvnoticias.mx\/index.php\/wp-json\/wp\/v2\/posts\/75140","targetHints":{"allow":["GET"]}}],"collection":[{"href":"https:\/\/nvnoticias.mx\/index.php\/wp-json\/wp\/v2\/posts"}],"about":[{"href":"https:\/\/nvnoticias.mx\/index.php\/wp-json\/wp\/v2\/types\/post"}],"author":[{"embeddable":true,"href":"https:\/\/nvnoticias.mx\/index.php\/wp-json\/wp\/v2\/users\/35"}],"replies":[{"embeddable":true,"href":"https:\/\/nvnoticias.mx\/index.php\/wp-json\/wp\/v2\/comments?post=75140"}],"version-history":[{"count":1,"href":"https:\/\/nvnoticias.mx\/index.php\/wp-json\/wp\/v2\/posts\/75140\/revisions"}],"predecessor-version":[{"id":75142,"href":"https:\/\/nvnoticias.mx\/index.php\/wp-json\/wp\/v2\/posts\/75140\/revisions\/75142"}],"wp:featuredmedia":[{"embeddable":true,"href":"https:\/\/nvnoticias.mx\/index.php\/wp-json\/wp\/v2\/media\/74775"}],"wp:attachment":[{"href":"https:\/\/nvnoticias.mx\/index.php\/wp-json\/wp\/v2\/media?parent=75140"}],"wp:term":[{"taxonomy":"category","embeddable":true,"href":"https:\/\/nvnoticias.mx\/index.php\/wp-json\/wp\/v2\/categories?post=75140"},{"taxonomy":"post_tag","embeddable":true,"href":"https:\/\/nvnoticias.mx\/index.php\/wp-json\/wp\/v2\/tags?post=75140"}],"curies":[{"name":"wp","href":"https:\/\/api.w.org\/{rel}","templated":true}]}}