{"id":75135,"date":"2022-09-21T13:40:02","date_gmt":"2022-09-21T18:40:02","guid":{"rendered":"https:\/\/nvnoticias.mx\/?p=75135"},"modified":"2022-09-21T13:40:03","modified_gmt":"2022-09-21T18:40:03","slug":"andres-guardado-defiende-al-tata-martino-de-las-criticas-era-peor-con-osorio","status":"publish","type":"post","link":"https:\/\/nvnoticias.mx\/index.php\/2022\/09\/21\/andres-guardado-defiende-al-tata-martino-de-las-criticas-era-peor-con-osorio\/","title":{"rendered":"Andr\u00e9s Guardado defiende al &#8220;Tata&#8221; Martino de las cr\u00edticas: &#8220;Era peor con Osorio&#8221;"},"content":{"rendered":"\n<p>Haciendo un recuento de todo lo que ha vivido con Selecci\u00f3n, comenz\u00f3 desde el 2006,\u00a0Andr\u00e9s Guardado\u00a0siente que las cr\u00edticas que hay en el proceso de Gerardo Martino no son nuevas. Muchos dicen que se ha atacado sin misericordia al \u201cTata\u201d, pero el veterano futbolista pide que se echa a andar la memoria: \u201cCon (Juan Carlos) Osorio, era peor\u201d.<\/p>\n\n\n\n<blockquote class=\"wp-block-quote is-layout-flow wp-block-quote-is-layout-flow\"><p>\u201c<em>No me atrever\u00eda decir que es lo peor que se ha vivido, a lo mejor somos de memoria corta, pero con (Juan Carlos) Osorio le gritaban que se fuera y le dec\u00edan de todo. A lo mejor no se quieren acordar, pero vivimos algo similar con \u00e9l<\/em>\u201d.<\/p><\/blockquote>\n\n\n\n<p>Han pasado cuatro a\u00f1os, todo ha cambiado: \u201cAhora se magn\u00edfica con las redes sociales, porque ahora una persona puede sacar algo y suena m\u00e1s el pesimismo, retumba m\u00e1s que toda la gente, no es nuevo dentro de Selecci\u00f3n\u201d.&nbsp;<\/p>\n\n\n\n<p>Andr\u00e9s Guardado siente que el\u00a0equipo mexicano\u00a0est\u00e1 en el camino correcto, \u201cquiz\u00e1 digan que hace falta el gol, pero para eso est\u00e1n estos partidos, para sacar todos esos detalles adelante. Faltan dos meses y vamos a tratar de corregir todo lo que haga falta\u201d.<\/p>\n\n\n\n<p>Fuente: <a href=\"https:\/\/www.eluniversal.com.mx\/universal-deportes\/andres-guardado-defiende-al-tata-martino-de-las-criticas-era-peor-con-osorio\">El Universal<\/a><\/p>\n","protected":false},"excerpt":{"rendered":"<p>Haciendo un recuento de todo lo que ha vivido con Selecci\u00f3n, comenz\u00f3 desde el 2006,\u00a0Andr\u00e9s Guardado\u00a0siente que las cr\u00edticas que hay en el proceso de Gerardo Martino no son nuevas. Muchos dicen que se ha atacado sin misericordia al \u201cTata\u201d, pero el veterano futbolista pide que se echa a andar la memoria: \u201cCon (Juan Carlos) [&hellip;]<\/p>\n","protected":false},"author":8,"featured_media":75136,"comment_status":"open","ping_status":"open","sticky":false,"template":"","format":"standard","meta":{"_monsterinsights_skip_tracking":false,"_monsterinsights_sitenote_active":false,"_monsterinsights_sitenote_note":"","_monsterinsights_sitenote_category":0,"footnotes":""},"categories":[159],"tags":[10276,12464,2694],"class_list":["post-75135","post","type-post","status-publish","format-standard","has-post-thumbnail","hentry","category-deportes","tag-andres-guardado","tag-gerardo-martino","tag-seleccion-mexicana","wp-image-borders"],"amp_enabled":true,"_links":{"self":[{"href":"https:\/\/nvnoticias.mx\/index.php\/wp-json\/wp\/v2\/posts\/75135","targetHints":{"allow":["GET"]}}],"collection":[{"href":"https:\/\/nvnoticias.mx\/index.php\/wp-json\/wp\/v2\/posts"}],"about":[{"href":"https:\/\/nvnoticias.mx\/index.php\/wp-json\/wp\/v2\/types\/post"}],"author":[{"embeddable":true,"href":"https:\/\/nvnoticias.mx\/index.php\/wp-json\/wp\/v2\/users\/8"}],"replies":[{"embeddable":true,"href":"https:\/\/nvnoticias.mx\/index.php\/wp-json\/wp\/v2\/comments?post=75135"}],"version-history":[{"count":1,"href":"https:\/\/nvnoticias.mx\/index.php\/wp-json\/wp\/v2\/posts\/75135\/revisions"}],"predecessor-version":[{"id":75137,"href":"https:\/\/nvnoticias.mx\/index.php\/wp-json\/wp\/v2\/posts\/75135\/revisions\/75137"}],"wp:featuredmedia":[{"embeddable":true,"href":"https:\/\/nvnoticias.mx\/index.php\/wp-json\/wp\/v2\/media\/75136"}],"wp:attachment":[{"href":"https:\/\/nvnoticias.mx\/index.php\/wp-json\/wp\/v2\/media?parent=75135"}],"wp:term":[{"taxonomy":"category","embeddable":true,"href":"https:\/\/nvnoticias.mx\/index.php\/wp-json\/wp\/v2\/categories?post=75135"},{"taxonomy":"post_tag","embeddable":true,"href":"https:\/\/nvnoticias.mx\/index.php\/wp-json\/wp\/v2\/tags?post=75135"}],"curies":[{"name":"wp","href":"https:\/\/api.w.org\/{rel}","templated":true}]}}