{"id":75119,"date":"2022-09-21T13:01:39","date_gmt":"2022-09-21T18:01:39","guid":{"rendered":"https:\/\/nvnoticias.mx\/?p=75119"},"modified":"2022-09-21T13:01:40","modified_gmt":"2022-09-21T18:01:40","slug":"senado-discute-iniciativa-para-que-fuerzas-armadas-permanezcan-en-tareas-de-seguridad","status":"publish","type":"post","link":"https:\/\/nvnoticias.mx\/index.php\/2022\/09\/21\/senado-discute-iniciativa-para-que-fuerzas-armadas-permanezcan-en-tareas-de-seguridad\/","title":{"rendered":"Senado discute iniciativa para que fuerzas armadas permanezcan en tareas de seguridad"},"content":{"rendered":"\n<p>El pleno del Senado inici\u00f3 la discusi\u00f3n del dictamen de ley que reforma, adiciona y deroga diversas disposiciones de la Constituci\u00f3n para prorrogar hasta 2028 la presencia de las fuerzas armadas en tareas de seguridad p\u00fablica.\u00a0 <\/p>\n\n\n\n<p>El prop\u00f3sito del proyecto es ampliar de cinco a nueve a\u00f1os, a partir de la fecha en que entr\u00f3 en vigor el decreto de 2019, para que el Presidente de la Rep\u00fablica pueda disponer de las fuerzas armadas permanente, en tareas de seguridad p\u00fablica de manera extraordinaria, regulada, fiscalizada, subordinada y complementaria. <\/p>\n\n\n\n<p>En tanto, la Guardia Nacional desarrolla su estructura, capacidades e implantaci\u00f3n territorial. Se establece que la participaci\u00f3n de las fuerzas armadas tenga un enfoque de respeto a los derechos humanos de los pueblos y comunidades ind\u00edgenas y afromexicanos. <\/p>\n\n\n\n<p>Se integra una comisi\u00f3n bicameral conformada por diputados y senadores, que d\u00e9 seguimiento al cumplimiento del art\u00edculo quinto transitorio. Para ello, se propone que el Sistema Nacional de Seguridad P\u00fablica informe al Congreso de la Uni\u00f3n, cada periodo legislativo, sobre el avance en la conformaci\u00f3n y capacitaci\u00f3n de los cuerpos de seguridad civil de estados y municipios.\u00a0 <\/p>\n\n\n\n<p>Fuente: <a href=\"https:\/\/www.milenio.com\/politica\/senado-discute-ampliar-plazo-ejercito-siga-calles\">Milenio<\/a><\/p>\n","protected":false},"excerpt":{"rendered":"<p>El pleno del Senado inici\u00f3 la discusi\u00f3n del dictamen de ley que reforma, adiciona y deroga diversas disposiciones de la Constituci\u00f3n para prorrogar hasta 2028 la presencia de las fuerzas armadas en tareas de seguridad p\u00fablica.\u00a0 El prop\u00f3sito del proyecto es ampliar de cinco a nueve a\u00f1os, a partir de la fecha en que entr\u00f3 [&hellip;]<\/p>\n","protected":false},"author":8,"featured_media":44535,"comment_status":"open","ping_status":"open","sticky":false,"template":"","format":"standard","meta":{"_monsterinsights_skip_tracking":false,"_monsterinsights_sitenote_active":false,"_monsterinsights_sitenote_note":"","_monsterinsights_sitenote_category":0,"footnotes":""},"categories":[158],"tags":[723,805,369],"class_list":["post-75119","post","type-post","status-publish","format-standard","has-post-thumbnail","hentry","category-politica","tag-fuerzas-armadas","tag-seguridad","tag-senado","wp-image-borders"],"amp_enabled":true,"_links":{"self":[{"href":"https:\/\/nvnoticias.mx\/index.php\/wp-json\/wp\/v2\/posts\/75119","targetHints":{"allow":["GET"]}}],"collection":[{"href":"https:\/\/nvnoticias.mx\/index.php\/wp-json\/wp\/v2\/posts"}],"about":[{"href":"https:\/\/nvnoticias.mx\/index.php\/wp-json\/wp\/v2\/types\/post"}],"author":[{"embeddable":true,"href":"https:\/\/nvnoticias.mx\/index.php\/wp-json\/wp\/v2\/users\/8"}],"replies":[{"embeddable":true,"href":"https:\/\/nvnoticias.mx\/index.php\/wp-json\/wp\/v2\/comments?post=75119"}],"version-history":[{"count":1,"href":"https:\/\/nvnoticias.mx\/index.php\/wp-json\/wp\/v2\/posts\/75119\/revisions"}],"predecessor-version":[{"id":75120,"href":"https:\/\/nvnoticias.mx\/index.php\/wp-json\/wp\/v2\/posts\/75119\/revisions\/75120"}],"wp:featuredmedia":[{"embeddable":true,"href":"https:\/\/nvnoticias.mx\/index.php\/wp-json\/wp\/v2\/media\/44535"}],"wp:attachment":[{"href":"https:\/\/nvnoticias.mx\/index.php\/wp-json\/wp\/v2\/media?parent=75119"}],"wp:term":[{"taxonomy":"category","embeddable":true,"href":"https:\/\/nvnoticias.mx\/index.php\/wp-json\/wp\/v2\/categories?post=75119"},{"taxonomy":"post_tag","embeddable":true,"href":"https:\/\/nvnoticias.mx\/index.php\/wp-json\/wp\/v2\/tags?post=75119"}],"curies":[{"name":"wp","href":"https:\/\/api.w.org\/{rel}","templated":true}]}}