{"id":75040,"date":"2022-09-20T16:37:26","date_gmt":"2022-09-20T21:37:26","guid":{"rendered":"https:\/\/nvnoticias.mx\/?p=75040"},"modified":"2022-09-20T16:37:28","modified_gmt":"2022-09-20T21:37:28","slug":"mcdonalds-reabre-restaurantes-en-ucrania","status":"publish","type":"post","link":"https:\/\/nvnoticias.mx\/index.php\/2022\/09\/20\/mcdonalds-reabre-restaurantes-en-ucrania\/","title":{"rendered":"McDonald&#8217;s reabre restaurantes en Ucrania"},"content":{"rendered":"\n<p>La cadena de comida r\u00e1pida McDonald &#8216;s reabri\u00f3 parcialmente el martes tres restaurantes en Kiev, todo un s\u00edmbolo tras m\u00e1s de seis meses de cierre debido a la invasi\u00f3n rusa de Ucrania y luego de que el gigante estadounidense abandonara Rusia. <\/p>\n\n\n\n<blockquote class=\"wp-block-quote is-layout-flow wp-block-quote-is-layout-flow\"><p>&#8220;<em>Tras negociaciones con los dirigentes ucranianos, especialistas en materia de seguridad y proveedores<\/em>&#8220;, el grupo indic\u00f3 en un comunicado que, por el momento, abr\u00eda su servicio de venta para llevar. <\/p><\/blockquote>\n\n\n\n<p>El martes por la ma\u00f1ana, varios repartidores esperaban en el exterior de uno de los locales de McDonald &#8216;s en la capital ucraniana para recoger los pedidos de los clientes, constat\u00f3 un equipo de la AFP. <\/p>\n\n\n\n<blockquote class=\"wp-block-quote is-layout-flow wp-block-quote-is-layout-flow\"><p>&#8220;<em>En octubre, estos tres restaurantes abrir\u00e1n totalment<\/em>e&#8221;, afirm\u00f3 McDonald&#8217;s en un comunicado. <\/p><\/blockquote>\n\n\n\n<p>Otros sietes locales de la capital abrir\u00e1n otra vez sus puertas pr\u00f3ximamente, as\u00ed como otros restaurantes &#8220;en ciudades del este del pa\u00eds&#8221;, seg\u00fan la misma fuente. <\/p>\n\n\n\n<p>McDonald &#8216;s cerr\u00f3 sus establecimientos en Ucrania el 24 de febrero, cuando empez\u00f3 la invasi\u00f3n rusa. <\/p>\n\n\n\n<p>En Rusia, sus 850 restaurantes fueron vendidos al empresario Alexander Govor, que lanz\u00f3 en junio la cadena &#8220;Vkousno i Tochka&#8221;. <\/p>\n\n\n\n<p>Fuente: <a href=\"https:\/\/www.milenio.com\/internacional\/mcdonald-s-reabre-restaurantes-en-ucrania-con-pedidos-para-llevar\">Milenio<\/a><\/p>\n","protected":false},"excerpt":{"rendered":"<p>La cadena de comida r\u00e1pida McDonald &#8216;s reabri\u00f3 parcialmente el martes tres restaurantes en Kiev, todo un s\u00edmbolo tras m\u00e1s de seis meses de cierre debido a la invasi\u00f3n rusa de Ucrania y luego de que el gigante estadounidense abandonara Rusia. &#8220;Tras negociaciones con los dirigentes ucranianos, especialistas en materia de seguridad y proveedores&#8220;, el [&hellip;]<\/p>\n","protected":false},"author":8,"featured_media":75041,"comment_status":"open","ping_status":"open","sticky":false,"template":"","format":"standard","meta":{"_monsterinsights_skip_tracking":false,"_monsterinsights_sitenote_active":false,"_monsterinsights_sitenote_note":"","_monsterinsights_sitenote_category":0,"footnotes":""},"categories":[181],"tags":[3104,5041],"class_list":["post-75040","post","type-post","status-publish","format-standard","has-post-thumbnail","hentry","category-internacional","tag-mcdonalds","tag-ucrania","wp-image-borders"],"amp_enabled":true,"_links":{"self":[{"href":"https:\/\/nvnoticias.mx\/index.php\/wp-json\/wp\/v2\/posts\/75040","targetHints":{"allow":["GET"]}}],"collection":[{"href":"https:\/\/nvnoticias.mx\/index.php\/wp-json\/wp\/v2\/posts"}],"about":[{"href":"https:\/\/nvnoticias.mx\/index.php\/wp-json\/wp\/v2\/types\/post"}],"author":[{"embeddable":true,"href":"https:\/\/nvnoticias.mx\/index.php\/wp-json\/wp\/v2\/users\/8"}],"replies":[{"embeddable":true,"href":"https:\/\/nvnoticias.mx\/index.php\/wp-json\/wp\/v2\/comments?post=75040"}],"version-history":[{"count":1,"href":"https:\/\/nvnoticias.mx\/index.php\/wp-json\/wp\/v2\/posts\/75040\/revisions"}],"predecessor-version":[{"id":75042,"href":"https:\/\/nvnoticias.mx\/index.php\/wp-json\/wp\/v2\/posts\/75040\/revisions\/75042"}],"wp:featuredmedia":[{"embeddable":true,"href":"https:\/\/nvnoticias.mx\/index.php\/wp-json\/wp\/v2\/media\/75041"}],"wp:attachment":[{"href":"https:\/\/nvnoticias.mx\/index.php\/wp-json\/wp\/v2\/media?parent=75040"}],"wp:term":[{"taxonomy":"category","embeddable":true,"href":"https:\/\/nvnoticias.mx\/index.php\/wp-json\/wp\/v2\/categories?post=75040"},{"taxonomy":"post_tag","embeddable":true,"href":"https:\/\/nvnoticias.mx\/index.php\/wp-json\/wp\/v2\/tags?post=75040"}],"curies":[{"name":"wp","href":"https:\/\/api.w.org\/{rel}","templated":true}]}}