{"id":75011,"date":"2022-09-20T14:15:59","date_gmt":"2022-09-20T19:15:59","guid":{"rendered":"https:\/\/nvnoticias.mx\/?p=75011"},"modified":"2022-09-20T14:16:00","modified_gmt":"2022-09-20T19:16:00","slug":"estamos-trabajando-con-mexico-para-parar-flujo-de-migrantes-hacia-eu-joe-biden","status":"publish","type":"post","link":"https:\/\/nvnoticias.mx\/index.php\/2022\/09\/20\/estamos-trabajando-con-mexico-para-parar-flujo-de-migrantes-hacia-eu-joe-biden\/","title":{"rendered":"Estamos &#8220;trabajando con M\u00e9xico&#8221; para parar flujo de migrantes hacia EU: Joe Biden"},"content":{"rendered":"\n<p>El presidente de\u00a0<strong>Estados Unidos<\/strong>,\u00a0<strong>Joe Biden<\/strong>, dijo este martes que &#8220;no es racional&#8221; deportar a Venezuela, Cuba y Nicaragua los migrantes que llegan de esos pa\u00edses, y afirm\u00f3 que trabaja con\u00a0<strong>M\u00e9xico\u00a0<\/strong>para frenar el flujo de estas llegadas.<\/p>\n\n\n\n<p>El mandatario asegur\u00f3 a la prensa en la Casa Blanca que la situaci\u00f3n en la frontera es &#8220;totalmente diferente&#8221; a la que hab\u00eda en la Administraci\u00f3n anterior de Donald Trump (2017-2021), ya que &#8220;llegan menos migrantes de Centroam\u00e9rica y\u00a0<strong>M\u00e9xico<\/strong>&#8220;.<\/p>\n\n\n\n<blockquote class=\"wp-block-quote is-layout-flow wp-block-quote-is-layout-flow\"><p>&#8220;Ahora estoy atento a Venezuela, Cuba y Nicaragua. La posibilidad de enviarlos de regreso a esos pa\u00edses no es racional&#8221;, dijo el l\u00edder dem\u00f3crata, quien a\u00f1adi\u00f3: &#8220;Estamos trabajando con M\u00e9xico y con otros pa\u00edses para ver si podemos parar el flujo (migratorio)&#8221;.<\/p><\/blockquote>\n\n\n\n<p>Ante los rumores de que gobernadores republicanos podr\u00edan enviar a migrantes indocumentados al estado de Delaware, donde est\u00e1 la residencia de Biden, el presidente se limit\u00f3 a responder con tono burl\u00f3n: &#8220;Visiten Delaware, es un estado hermoso&#8221;.<\/p>\n\n\n\n<p>La inmigraci\u00f3n se ha convertido en uno de los grandes temas de la campa\u00f1a de las elecciones de medio mandato de noviembre a ra\u00edz de la decisi\u00f3n de algunos gobernadores republicanos de enviar grupos de indocumentados a estados gobernados por dem\u00f3cratas como protesta por la pol\u00edtica migratoria de Biden.<\/p>\n\n\n\n<p>Desde abril, el gobernador de Texas, el republicano Greg Abbott, env\u00eda regularmente buses con migrantes, la mayor\u00eda venezolanos, a Washington, Nueva York y Chicago como respuesta al intento de Biden de rescindir el T\u00edtulo 42, una pol\u00edtica sanitaria que permit\u00eda deportaciones expr\u00e9s de migrantes en al frontera.<\/p>\n\n\n\n<p>La semana pasada, el gobernador de Florida, el tambi\u00e9n republicano Ron DeSantis, se sum\u00f3 a la estrategia de Abbott con el env\u00edo de dos aviones con migrantes a Martha&#8217;s Vineyard, exclusiva isla del estado de Massachussetts.\u00a0<\/p>\n\n\n\n<p>Fuente: <a href=\"https:\/\/www.eluniversal.com.mx\/mundo\/joe-biden-dice-estar-trabajando-con-mexico-para-parar-flujo-de-migrantes-hacia-eu\" data-type=\"URL\" data-id=\"https:\/\/www.eluniversal.com.mx\/mundo\/joe-biden-dice-estar-trabajando-con-mexico-para-parar-flujo-de-migrantes-hacia-eu\">El Universal<\/a><\/p>\n","protected":false},"excerpt":{"rendered":"<p>El presidente de\u00a0Estados Unidos,\u00a0Joe Biden, dijo este martes que &#8220;no es racional&#8221; deportar a Venezuela, Cuba y Nicaragua los migrantes que llegan de esos pa\u00edses, y afirm\u00f3 que trabaja con\u00a0M\u00e9xico\u00a0para frenar el flujo de estas llegadas. El mandatario asegur\u00f3 a la prensa en la Casa Blanca que la situaci\u00f3n en la frontera es &#8220;totalmente diferente&#8221; [&hellip;]<\/p>\n","protected":false},"author":35,"featured_media":64566,"comment_status":"open","ping_status":"open","sticky":false,"template":"","format":"standard","meta":{"_monsterinsights_skip_tracking":false,"_monsterinsights_sitenote_active":false,"_monsterinsights_sitenote_note":"","_monsterinsights_sitenote_category":0,"footnotes":""},"categories":[158],"tags":[183,182,292,452,19245],"class_list":["post-75011","post","type-post","status-publish","format-standard","has-post-thumbnail","hentry","category-politica","tag-estados-unidos","tag-joe-biden","tag-mexico","tag-migrantes","tag-trabajando","wp-image-borders"],"amp_enabled":true,"_links":{"self":[{"href":"https:\/\/nvnoticias.mx\/index.php\/wp-json\/wp\/v2\/posts\/75011","targetHints":{"allow":["GET"]}}],"collection":[{"href":"https:\/\/nvnoticias.mx\/index.php\/wp-json\/wp\/v2\/posts"}],"about":[{"href":"https:\/\/nvnoticias.mx\/index.php\/wp-json\/wp\/v2\/types\/post"}],"author":[{"embeddable":true,"href":"https:\/\/nvnoticias.mx\/index.php\/wp-json\/wp\/v2\/users\/35"}],"replies":[{"embeddable":true,"href":"https:\/\/nvnoticias.mx\/index.php\/wp-json\/wp\/v2\/comments?post=75011"}],"version-history":[{"count":1,"href":"https:\/\/nvnoticias.mx\/index.php\/wp-json\/wp\/v2\/posts\/75011\/revisions"}],"predecessor-version":[{"id":75012,"href":"https:\/\/nvnoticias.mx\/index.php\/wp-json\/wp\/v2\/posts\/75011\/revisions\/75012"}],"wp:featuredmedia":[{"embeddable":true,"href":"https:\/\/nvnoticias.mx\/index.php\/wp-json\/wp\/v2\/media\/64566"}],"wp:attachment":[{"href":"https:\/\/nvnoticias.mx\/index.php\/wp-json\/wp\/v2\/media?parent=75011"}],"wp:term":[{"taxonomy":"category","embeddable":true,"href":"https:\/\/nvnoticias.mx\/index.php\/wp-json\/wp\/v2\/categories?post=75011"},{"taxonomy":"post_tag","embeddable":true,"href":"https:\/\/nvnoticias.mx\/index.php\/wp-json\/wp\/v2\/tags?post=75011"}],"curies":[{"name":"wp","href":"https:\/\/api.w.org\/{rel}","templated":true}]}}