{"id":74722,"date":"2022-09-18T21:25:49","date_gmt":"2022-09-19T02:25:49","guid":{"rendered":"https:\/\/nvnoticias.mx\/?p=74722"},"modified":"2022-09-18T21:25:51","modified_gmt":"2022-09-19T02:25:51","slug":"declara-joe-biden-el-fin-de-la-pandemia-por-covid-en-eu","status":"publish","type":"post","link":"https:\/\/nvnoticias.mx\/index.php\/2022\/09\/18\/declara-joe-biden-el-fin-de-la-pandemia-por-covid-en-eu\/","title":{"rendered":"Declara Joe Biden el fin de la pandemia por covid en EU"},"content":{"rendered":"\n<p>El presidente\u00a0Joe Biden declar\u00f3 que la pandemia de COVID-19 hab\u00eda \u201cterminado\u201d\u00a0y dijo que los estadounidenses obtendr\u00edan el \u201ccontrol\u201d de la inflaci\u00f3n, destacando una\u00a0visi\u00f3n optimista de la econom\u00eda estadounidense\u00a0en una entrevista a menos de dos meses de las cruciales elecciones intermedias.<\/p>\n\n\n\n<p>Biden\u00a0dijo en la entrevista con\u00a0CBS\u00a0para transmitir el domingo que espera que la econom\u00eda pueda lograr el llamado\u00a0\u201caterrizaje suave\u201d\u00a0a medida que\u00a0la Reserva Federal (Fed) aumenta las tasas de inter\u00e9s\u00a0para enfriar los aumentos de precios.<\/p>\n\n\n\n<blockquote class=\"wp-block-quote is-layout-flow wp-block-quote-is-layout-flow\"><p>\u201cLe estoy diciendo al pueblo estadounidense que vamos a controlar la inflaci\u00f3n\u201d,\u00a0dijo Joe Biden\u00a0cuando se le pregunt\u00f3 si la inflaci\u00f3n medida por el \u00edndice de precios al consumidor continuar\u00eda disminuyendo.\u00a0<\/p><\/blockquote>\n\n\n\n<p>La inflaci\u00f3n aument\u00f3 un 8.3 por ciento en agosto\u00a0en comparaci\u00f3n con el mismo mes del a\u00f1o pasado, un aumento mayor al previsto.<\/p>\n\n\n\n<blockquote class=\"wp-block-quote is-layout-flow wp-block-quote-is-layout-flow\"><p>\u201cLos precios de sus medicamentos recetados\u00a0ser\u00e1n much\u00edsimo m\u00e1s bajos\u201d, agreg\u00f3, seg\u00fan la transcripci\u00f3n de la entrevista. \u201cSus costos de atenci\u00f3n m\u00e9dica ser\u00e1n mucho m\u00e1s bajos. Sus costos b\u00e1sicos para todos, sus precios de energ\u00eda ser\u00e1n m\u00e1s bajos. Estar\u00e1n en una situaci\u00f3n en la que comenzar\u00e1n a recuperar el control nuevamente. Soy m\u00e1s optimista de lo que he sido en mucho tiempo\u201d.<\/p><\/blockquote>\n\n\n\n<p>Se\u00f1al\u00f3 que desde que la inflaci\u00f3n alcanz\u00f3\u00a0un ritmo anual de 9.1 por ciento en junio, la lectura \u201cno se ha disparado\u201d y el crecimiento de los precios mes a mes ha sido m\u00e1s moderado. Tambi\u00e9n promocion\u00f3 su propio r\u00e9cord de empleos, y se\u00f1al\u00f3 que la tasa de desempleo fue del 3.7 por ciento en agosto,\u00a0\u201cuna de las m\u00e1s bajas de la historia\u201d.<\/p>\n\n\n\n<p>El entrevistador Scott Pelley acompa\u00f1\u00f3 a Biden al regreso del Sal\u00f3n del Autom\u00f3vil de Detroit la semana pasada, donde le pregunt\u00f3 al presidente:\u00a0\u201c\u00bfSe acab\u00f3 la pandemia?\u201d.<\/p>\n\n\n\n<blockquote class=\"wp-block-quote is-layout-flow wp-block-quote-is-layout-flow\"><p>\u201cLa pandemia ha terminado\u201d, dijo\u00a0Biden. \u201cTodav\u00eda tenemos un problema con COVID.\u00a0Todav\u00eda estamos trabajando mucho en ello. Es&#8230; pero la pandemia ha terminado\u201d, dijo, observando que pocas personas en el sal\u00f3n del autom\u00f3vil llevaban m\u00e1scaras.<\/p><\/blockquote>\n\n\n\n<blockquote class=\"wp-block-quote is-layout-flow wp-block-quote-is-layout-flow\"><p>\u201cTodo el mundo parece estar en muy buena forma\u201d, dijo.<\/p><\/blockquote>\n\n\n\n<p>Biden tambi\u00e9n dijo que Estados Unidos evitar\u00eda una recesi\u00f3n\u00a0si contin\u00faa\u00a0\u201chaciendo crecer la econom\u00eda\u201d, afirmando que sus pol\u00edticas est\u00e1n \u201ccreando industrias completamente nuevas\u201d.<\/p>\n\n\n\n<p>Fuente: <a href=\"https:\/\/www.elfinanciero.com.mx\/mundo\/2022\/09\/18\/joe-biden-declara-el-fin-de-la-pandemia-por-covid-en-estados-unidos\/\">El Financiero<\/a><\/p>\n","protected":false},"excerpt":{"rendered":"<p>El presidente\u00a0Joe Biden declar\u00f3 que la pandemia de COVID-19 hab\u00eda \u201cterminado\u201d\u00a0y dijo que los estadounidenses obtendr\u00edan el \u201ccontrol\u201d de la inflaci\u00f3n, destacando una\u00a0visi\u00f3n optimista de la econom\u00eda estadounidense\u00a0en una entrevista a menos de dos meses de las cruciales elecciones intermedias. Biden\u00a0dijo en la entrevista con\u00a0CBS\u00a0para transmitir el domingo que espera que la econom\u00eda pueda lograr [&hellip;]<\/p>\n","protected":false},"author":7,"featured_media":74725,"comment_status":"open","ping_status":"open","sticky":false,"template":"","format":"standard","meta":{"_monsterinsights_skip_tracking":false,"_monsterinsights_sitenote_active":false,"_monsterinsights_sitenote_note":"","_monsterinsights_sitenote_category":0,"footnotes":""},"categories":[181],"tags":[175,182,318],"class_list":["post-74722","post","type-post","status-publish","format-standard","has-post-thumbnail","hentry","category-internacional","tag-covid-19","tag-joe-biden","tag-pandemia","wp-image-borders"],"amp_enabled":true,"_links":{"self":[{"href":"https:\/\/nvnoticias.mx\/index.php\/wp-json\/wp\/v2\/posts\/74722","targetHints":{"allow":["GET"]}}],"collection":[{"href":"https:\/\/nvnoticias.mx\/index.php\/wp-json\/wp\/v2\/posts"}],"about":[{"href":"https:\/\/nvnoticias.mx\/index.php\/wp-json\/wp\/v2\/types\/post"}],"author":[{"embeddable":true,"href":"https:\/\/nvnoticias.mx\/index.php\/wp-json\/wp\/v2\/users\/7"}],"replies":[{"embeddable":true,"href":"https:\/\/nvnoticias.mx\/index.php\/wp-json\/wp\/v2\/comments?post=74722"}],"version-history":[{"count":1,"href":"https:\/\/nvnoticias.mx\/index.php\/wp-json\/wp\/v2\/posts\/74722\/revisions"}],"predecessor-version":[{"id":74723,"href":"https:\/\/nvnoticias.mx\/index.php\/wp-json\/wp\/v2\/posts\/74722\/revisions\/74723"}],"wp:featuredmedia":[{"embeddable":true,"href":"https:\/\/nvnoticias.mx\/index.php\/wp-json\/wp\/v2\/media\/74725"}],"wp:attachment":[{"href":"https:\/\/nvnoticias.mx\/index.php\/wp-json\/wp\/v2\/media?parent=74722"}],"wp:term":[{"taxonomy":"category","embeddable":true,"href":"https:\/\/nvnoticias.mx\/index.php\/wp-json\/wp\/v2\/categories?post=74722"},{"taxonomy":"post_tag","embeddable":true,"href":"https:\/\/nvnoticias.mx\/index.php\/wp-json\/wp\/v2\/tags?post=74722"}],"curies":[{"name":"wp","href":"https:\/\/api.w.org\/{rel}","templated":true}]}}