{"id":74651,"date":"2022-09-18T11:58:18","date_gmt":"2022-09-18T16:58:18","guid":{"rendered":"https:\/\/nvnoticias.mx\/?p=74651"},"modified":"2022-09-18T11:58:19","modified_gmt":"2022-09-18T16:58:19","slug":"arresta-serbia-a-casi-90-personas-tras-marcha-lgbt-por-europride","status":"publish","type":"post","link":"https:\/\/nvnoticias.mx\/index.php\/2022\/09\/18\/arresta-serbia-a-casi-90-personas-tras-marcha-lgbt-por-europride\/","title":{"rendered":"Arresta Serbia a casi 90 personas tras marcha LGBT por EuroPride"},"content":{"rendered":"\n<p>La\u00a0polic\u00eda detuvo en la capital de Serbia a casi 90 personas, cuando los activistas LGTBQ se manifestaron con motivo del EuroPride\u00a0el fin de semana a pesar de la prohibici\u00f3n gubernamental, dijo el domingo el ministro del Interior.<\/p>\n\n\n\n<p>El desfile deb\u00eda ser el punto \u00e1lgido de ese evento paneuropeo que cada a\u00f1o se celebra en una ciudad distinta del continente, pero que el\u00a0ministerio serbio de Interior prohibi\u00f3 el pasado martes alegando motivos de seguridad ante las amenazas de grupos de ultraderecha\u00a0en ese territorio.<\/p>\n\n\n\n<p>En total &#8220;87 personas fueron detenidas. Se ha presentado cargos criminales contra 11 de ellas&#8221;, dijo el ministro de interior Aleksandar Vulin en la cadena Pink.<\/p>\n\n\n\n<p>Pese a la cancelaci\u00f3n oficial de la marcha,\u00a0los manifestantes pudieron recorrer varios cientos de metros bajo la lluvia, entre el Consejo Constitucional y un parque cercano, un trayecto muy reducido en comparaci\u00f3n con el inicialmente previsto.<\/p>\n\n\n\n<p>El Ministerio del Interior\u00a0tambi\u00e9n prohibi\u00f3 las protestas contra el evento, pero grupos de extrema derecha se reunieron frente a varias iglesias de Belgrado.<\/p>\n\n\n\n<p>Los medios locales informaron de altercados fuera alrededor del evento, incluido un grupo que tir\u00f3 bengalas contra los agentes y da\u00f1os a veh\u00edculos policiales.&nbsp;<\/p>\n\n\n\n<blockquote class=\"wp-block-quote is-layout-flow wp-block-quote-is-layout-flow\"><p>&#8220;Durante los eventos de ayer, Serbia demostr\u00f3 que es un estado funcional y organizado (&#8230;) que puede brindar total seguridad a sus ciudadanos&#8221;, dijo Vulin a&nbsp;<em>Pink<\/em>, seg\u00fan un comunicado de su ministerio.&nbsp;<\/p><\/blockquote>\n\n\n\n<p>Ning\u00fan ciudadano result\u00f3 lesionado, pero\u00a013 de los 6 mil polic\u00edas desplegados para el evento sufrieron heridas leves, dijo.<\/p>\n\n\n\n<p>La\u00a0primera ministra del pa\u00eds balc\u00e1nico, Ana Brnabic, que es abiertamente lesbiana, dijo el s\u00e1bado que estaba &#8220;orgullosa&#8221; de que el d\u00eda terminara &#8220;sin incidentes\u00a0importantes&#8221;.<\/p>\n\n\n\n<p>Serbia, que aspira desde hace a\u00f1os a entrar en la Uni\u00f3n Europea, hab\u00eda recibido presiones del bloque continental, pa\u00edses miembros y organizaciones no gubernamentales para dar marcha atr\u00e1s y permitir el evento, sin \u00e9xito.<\/p>\n\n\n\n<p>La\u00a0homofobia sigue fuertemente arraigada en este pa\u00eds balc\u00e1nico de siete millones de habitantes, donde el matrimonio entre personas del mismo sexo no es legal, si bien va habiendo algunos avances contra la discriminaci\u00f3n.<\/p>\n\n\n\n<p>Fuente: <a href=\"https:\/\/www.milenio.com\/internacional\/serbia-arresta-90-personas-marcha-lgbt-europride\">Milenio<\/a><\/p>\n","protected":false},"excerpt":{"rendered":"<p>La\u00a0polic\u00eda detuvo en la capital de Serbia a casi 90 personas, cuando los activistas LGTBQ se manifestaron con motivo del EuroPride\u00a0el fin de semana a pesar de la prohibici\u00f3n gubernamental, dijo el domingo el ministro del Interior. El desfile deb\u00eda ser el punto \u00e1lgido de ese evento paneuropeo que cada a\u00f1o se celebra en una [&hellip;]<\/p>\n","protected":false},"author":7,"featured_media":74652,"comment_status":"open","ping_status":"open","sticky":false,"template":"","format":"standard","meta":{"_monsterinsights_skip_tracking":false,"_monsterinsights_sitenote_active":false,"_monsterinsights_sitenote_note":"","_monsterinsights_sitenote_category":0,"footnotes":""},"categories":[181],"tags":[4562,19408,1458,1507,19407],"class_list":["post-74651","post","type-post","status-publish","format-standard","has-post-thumbnail","hentry","category-internacional","tag-arresto","tag-europride","tag-lgbt","tag-marcha","tag-serbia","wp-image-borders"],"amp_enabled":true,"_links":{"self":[{"href":"https:\/\/nvnoticias.mx\/index.php\/wp-json\/wp\/v2\/posts\/74651","targetHints":{"allow":["GET"]}}],"collection":[{"href":"https:\/\/nvnoticias.mx\/index.php\/wp-json\/wp\/v2\/posts"}],"about":[{"href":"https:\/\/nvnoticias.mx\/index.php\/wp-json\/wp\/v2\/types\/post"}],"author":[{"embeddable":true,"href":"https:\/\/nvnoticias.mx\/index.php\/wp-json\/wp\/v2\/users\/7"}],"replies":[{"embeddable":true,"href":"https:\/\/nvnoticias.mx\/index.php\/wp-json\/wp\/v2\/comments?post=74651"}],"version-history":[{"count":1,"href":"https:\/\/nvnoticias.mx\/index.php\/wp-json\/wp\/v2\/posts\/74651\/revisions"}],"predecessor-version":[{"id":74653,"href":"https:\/\/nvnoticias.mx\/index.php\/wp-json\/wp\/v2\/posts\/74651\/revisions\/74653"}],"wp:featuredmedia":[{"embeddable":true,"href":"https:\/\/nvnoticias.mx\/index.php\/wp-json\/wp\/v2\/media\/74652"}],"wp:attachment":[{"href":"https:\/\/nvnoticias.mx\/index.php\/wp-json\/wp\/v2\/media?parent=74651"}],"wp:term":[{"taxonomy":"category","embeddable":true,"href":"https:\/\/nvnoticias.mx\/index.php\/wp-json\/wp\/v2\/categories?post=74651"},{"taxonomy":"post_tag","embeddable":true,"href":"https:\/\/nvnoticias.mx\/index.php\/wp-json\/wp\/v2\/tags?post=74651"}],"curies":[{"name":"wp","href":"https:\/\/api.w.org\/{rel}","templated":true}]}}