{"id":74590,"date":"2022-09-17T12:19:12","date_gmt":"2022-09-17T17:19:12","guid":{"rendered":"https:\/\/nvnoticias.mx\/?p=74590"},"modified":"2022-09-17T12:19:14","modified_gmt":"2022-09-17T17:19:14","slug":"asesinan-a-sobrino-de-el-chapo","status":"publish","type":"post","link":"https:\/\/nvnoticias.mx\/index.php\/2022\/09\/17\/asesinan-a-sobrino-de-el-chapo\/","title":{"rendered":"Asesinan a sobrino de \u201cEl Chapo\u201d"},"content":{"rendered":"\n<p><strong>Edel Guzm\u00e1n<\/strong>, sobrino del exl\u00edder del C\u00e1rtel de Sinaloa,<strong>\u00a0Joaqu\u00edn \u201cEl Chapo\u201d Guzm\u00e1n\u00a0<\/strong>Loera, fue\u00a0<strong>asesinado\u00a0<\/strong>en el municipio de Guadalupe y Calvo,\u00a0<strong>Chihuahua<\/strong>, reportaron autoridades locales.<\/p>\n\n\n\n<p>De 36 a\u00f1os, el integrante de la familia Guzm\u00e1n era identificado como\u00a0<strong>\u201cEl Cu\u00f1ado\u201d<\/strong>, y seg\u00fan autoridades locales se encontraba en una fiesta en este municipio, ubicado en el Tri\u00e1ngulo Dorado, cuando sujetos lo atacaron a tiros, dej\u00e1ndolo herido.<\/p>\n\n\n\n<p>Antes Edel Guzm\u00e1n, fue trasladado de emergencia al hospital de Guadalupe y Calvo, donde falleci\u00f3, confirmaron autoridades de la Fiscal\u00eda del Estado de Chihuahua.<\/p>\n\n\n\n<p>Edel Guzm\u00e1n era uno de los objetivos prioritarios y radicaba en Badiraguato, Sinaloa, de donde es oriundo su t\u00edo.<\/p>\n\n\n\n<p>Las autoridades detuvieron a Ubaldino \u201cC\u201d, de 43 a\u00f1os, quien fue identificado como el autor material del asesinato del sobrino de \u201cEl Chapo\u201d.<\/p>\n\n\n\n<p>La causa del homicidio habr\u00eda sido una discusi\u00f3n al calor de las copas, la cual subi\u00f3 de tono hasta concluir en la muerte de \u201cEl Cu\u00f1ado\u201d.<\/p>\n\n\n\n<p>Fuente:<a href=\"https:\/\/www.eluniversal.com.mx\/nacion\/asesinan-sobrino-de-el-chapo-guzman-en-chihuahua\" data-type=\"URL\" data-id=\"https:\/\/www.eluniversal.com.mx\/nacion\/asesinan-sobrino-de-el-chapo-guzman-en-chihuahua\"> El Universal<\/a><\/p>\n","protected":false},"excerpt":{"rendered":"<p>Edel Guzm\u00e1n, sobrino del exl\u00edder del C\u00e1rtel de Sinaloa,\u00a0Joaqu\u00edn \u201cEl Chapo\u201d Guzm\u00e1n\u00a0Loera, fue\u00a0asesinado\u00a0en el municipio de Guadalupe y Calvo,\u00a0Chihuahua, reportaron autoridades locales. De 36 a\u00f1os, el integrante de la familia Guzm\u00e1n era identificado como\u00a0\u201cEl Cu\u00f1ado\u201d, y seg\u00fan autoridades locales se encontraba en una fiesta en este municipio, ubicado en el Tri\u00e1ngulo Dorado, cuando sujetos lo [&hellip;]<\/p>\n","protected":false},"author":35,"featured_media":28742,"comment_status":"open","ping_status":"open","sticky":false,"template":"","format":"standard","meta":{"_monsterinsights_skip_tracking":false,"_monsterinsights_sitenote_active":false,"_monsterinsights_sitenote_note":"","_monsterinsights_sitenote_category":0,"footnotes":""},"categories":[157],"tags":[9272,544,17429],"class_list":["post-74590","post","type-post","status-publish","format-standard","has-post-thumbnail","hentry","category-nacional","tag-asesinan","tag-el-chapo-guzman","tag-sobrino","wp-image-borders"],"amp_enabled":true,"_links":{"self":[{"href":"https:\/\/nvnoticias.mx\/index.php\/wp-json\/wp\/v2\/posts\/74590","targetHints":{"allow":["GET"]}}],"collection":[{"href":"https:\/\/nvnoticias.mx\/index.php\/wp-json\/wp\/v2\/posts"}],"about":[{"href":"https:\/\/nvnoticias.mx\/index.php\/wp-json\/wp\/v2\/types\/post"}],"author":[{"embeddable":true,"href":"https:\/\/nvnoticias.mx\/index.php\/wp-json\/wp\/v2\/users\/35"}],"replies":[{"embeddable":true,"href":"https:\/\/nvnoticias.mx\/index.php\/wp-json\/wp\/v2\/comments?post=74590"}],"version-history":[{"count":1,"href":"https:\/\/nvnoticias.mx\/index.php\/wp-json\/wp\/v2\/posts\/74590\/revisions"}],"predecessor-version":[{"id":74591,"href":"https:\/\/nvnoticias.mx\/index.php\/wp-json\/wp\/v2\/posts\/74590\/revisions\/74591"}],"wp:featuredmedia":[{"embeddable":true,"href":"https:\/\/nvnoticias.mx\/index.php\/wp-json\/wp\/v2\/media\/28742"}],"wp:attachment":[{"href":"https:\/\/nvnoticias.mx\/index.php\/wp-json\/wp\/v2\/media?parent=74590"}],"wp:term":[{"taxonomy":"category","embeddable":true,"href":"https:\/\/nvnoticias.mx\/index.php\/wp-json\/wp\/v2\/categories?post=74590"},{"taxonomy":"post_tag","embeddable":true,"href":"https:\/\/nvnoticias.mx\/index.php\/wp-json\/wp\/v2\/tags?post=74590"}],"curies":[{"name":"wp","href":"https:\/\/api.w.org\/{rel}","templated":true}]}}