{"id":74537,"date":"2022-09-17T10:25:37","date_gmt":"2022-09-17T15:25:37","guid":{"rendered":"https:\/\/nvnoticias.mx\/?p=74537"},"modified":"2022-09-17T10:25:37","modified_gmt":"2022-09-17T15:25:37","slug":"se-avienta-hombre-a-ataud-de-reina-isabel-ii","status":"publish","type":"post","link":"https:\/\/nvnoticias.mx\/index.php\/2022\/09\/17\/se-avienta-hombre-a-ataud-de-reina-isabel-ii\/","title":{"rendered":"Se avienta hombre a ata\u00fad de reina Isabel II"},"content":{"rendered":"\n<p>Desde hace unos d\u00edas el ata\u00fad de la\u00a0reina Isabel II\u00a0se encuentra en Westmister Hall para que quien lo desee pueda despedirse de la monarca antes de que se realice su funeral este 19 de septiembre. Sin embargo, la noche del 16 de septiembre\u00a0<strong>se vivi\u00f3 un momento angustiante cuando un hombre se avent\u00f3 al f\u00e9retro.<\/strong><\/p>\n\n\n\n<p>Este momento qued\u00f3 captado por las c\u00e1maras de los medios de comunicaci\u00f3n que se encontraban en el lugar.<strong>\u00a0Todo indica que este hecho se registr\u00f3 cerca de las 22:00 PM hora de Londres\u00a0<\/strong>y que el hombre intent\u00f3 agarrar una de las banderas que se encontraban ah\u00ed.<\/p>\n\n\n\n<p>Finalmente, el hombre se lanz\u00f3 contra el ata\u00fad de la reina Isabel II, pero la seguridad del lugar actu\u00f3 r\u00e1pidamente y lograron detener.&nbsp;<strong>Aunque todo esto sucedi\u00f3 de un momento a otro, causo conmoci\u00f3n entre las personas<\/strong>&nbsp;que estaban formadas esperando a mostrar su respeto a la monarca.<\/p>\n\n\n\n<p>De acuerdo con informaci\u00f3n de medios locales, el objetivo del hombre arrestado era arrancar la bandera real que cubre el f\u00e9retro,\u00a0<strong>pero personal de seguridad lo detuvieron y lo sacaron de inmediato del lugar.<\/strong><\/p>\n\n\n\n<p>Hasta el momento no se sabe qu\u00e9 es lo que pasara con este hombre, pero fue arrestado por violar la Ley de Orden P\u00fablico&nbsp;<strong>y en las pr\u00f3ximas horas se definir\u00e1 qu\u00e9 es lo que pasar\u00e1 con \u00e9l.<\/strong><\/p>\n\n\n\n<p>Por ahora ha sido el \u00fanico inconveniente que se ha registrado desde que el ata\u00fad de la reina Isabel II,\u00a0<strong>quien muri\u00f3 a los 96 a\u00f1os, se encuentra en Westmister Hall.<\/strong><\/p>\n\n\n\n<p>Miles de personas se han formado por m\u00e1s de diez horas para despedirse de la reina antes de que\u00a0<strong>este lunes se realice el funeral en donde la familia real rendir\u00e1 honores a la monarca<\/strong>\u00a0que estuvo al frente de la corona brit\u00e1nica por 70 a\u00f1os.<\/p>\n\n\n\n<p>Fuente: <em><a href=\"https:\/\/www.milenio.com\/estilo\/hombre-lanza-ataud-reina-isabel-ii\" data-type=\"URL\" data-id=\"https:\/\/www.milenio.com\/estilo\/hombre-lanza-ataud-reina-isabel-ii\">Milenio<\/a><\/em><\/p>\n","protected":false},"excerpt":{"rendered":"<p>Desde hace unos d\u00edas el ata\u00fad de la\u00a0reina Isabel II\u00a0se encuentra en Westmister Hall para que quien lo desee pueda despedirse de la monarca antes de que se realice su funeral este 19 de septiembre. Sin embargo, la noche del 16 de septiembre\u00a0se vivi\u00f3 un momento angustiante cuando un hombre se avent\u00f3 al f\u00e9retro. Este [&hellip;]<\/p>\n","protected":false},"author":35,"featured_media":74538,"comment_status":"open","ping_status":"open","sticky":false,"template":"","format":"standard","meta":{"_monsterinsights_skip_tracking":false,"_monsterinsights_sitenote_active":false,"_monsterinsights_sitenote_note":"","_monsterinsights_sitenote_category":0,"footnotes":""},"categories":[181],"tags":[19206,6153,2906,19371],"class_list":["post-74537","post","type-post","status-publish","format-standard","has-post-thumbnail","hentry","category-internacional","tag-ataud","tag-hombre","tag-reina-isabel-ii","tag-se-avienta","wp-image-borders"],"amp_enabled":true,"_links":{"self":[{"href":"https:\/\/nvnoticias.mx\/index.php\/wp-json\/wp\/v2\/posts\/74537","targetHints":{"allow":["GET"]}}],"collection":[{"href":"https:\/\/nvnoticias.mx\/index.php\/wp-json\/wp\/v2\/posts"}],"about":[{"href":"https:\/\/nvnoticias.mx\/index.php\/wp-json\/wp\/v2\/types\/post"}],"author":[{"embeddable":true,"href":"https:\/\/nvnoticias.mx\/index.php\/wp-json\/wp\/v2\/users\/35"}],"replies":[{"embeddable":true,"href":"https:\/\/nvnoticias.mx\/index.php\/wp-json\/wp\/v2\/comments?post=74537"}],"version-history":[{"count":1,"href":"https:\/\/nvnoticias.mx\/index.php\/wp-json\/wp\/v2\/posts\/74537\/revisions"}],"predecessor-version":[{"id":74539,"href":"https:\/\/nvnoticias.mx\/index.php\/wp-json\/wp\/v2\/posts\/74537\/revisions\/74539"}],"wp:featuredmedia":[{"embeddable":true,"href":"https:\/\/nvnoticias.mx\/index.php\/wp-json\/wp\/v2\/media\/74538"}],"wp:attachment":[{"href":"https:\/\/nvnoticias.mx\/index.php\/wp-json\/wp\/v2\/media?parent=74537"}],"wp:term":[{"taxonomy":"category","embeddable":true,"href":"https:\/\/nvnoticias.mx\/index.php\/wp-json\/wp\/v2\/categories?post=74537"},{"taxonomy":"post_tag","embeddable":true,"href":"https:\/\/nvnoticias.mx\/index.php\/wp-json\/wp\/v2\/tags?post=74537"}],"curies":[{"name":"wp","href":"https:\/\/api.w.org\/{rel}","templated":true}]}}