{"id":74523,"date":"2022-09-17T09:34:22","date_gmt":"2022-09-17T14:34:22","guid":{"rendered":"https:\/\/nvnoticias.mx\/?p=74523"},"modified":"2022-09-17T09:34:23","modified_gmt":"2022-09-17T14:34:23","slug":"implementan-plan-tajin-en-alvarado-hay-2-mil-familias-damnificadas","status":"publish","type":"post","link":"https:\/\/nvnoticias.mx\/index.php\/2022\/09\/17\/implementan-plan-tajin-en-alvarado-hay-2-mil-familias-damnificadas\/","title":{"rendered":"Implementan Plan Taj\u00edn en Alvarado, hay 2 mil familias damnificadas"},"content":{"rendered":"\n<p><br><strong>Jes\u00fas Utrilla | NV Noticias<\/strong><\/p>\n\n\n\n<p>Fueron 2 mil damnificados en Alvarado por las intensas lluvias.<\/p>\n\n\n\n<p>Se generaron socavones en el libramiento de Ant\u00f3n Lizardo, el tramo de la carretera federal 180, a la altura del parque deportivo Miguel Alem\u00e1n present\u00f3 problemas a la circulaci\u00f3n vehicular por desgajamiento. <\/p>\n\n\n\n<p>Del tramo carretero de Chocot\u00e1n a Buena Vista la carretera en ambos sentidos no tiene circulaci\u00f3n.<\/p>\n\n\n\n<p>La alcaldesa Lizzette Alvarez Vera dijo que las colonias m\u00e1s afectadas son: La Trocha, Escolleras, Buena Vista, Aneas, Las Fuentes, zona centro en la cabecera municipal.<br>Se habilitaron refugios temporales y se ubican en: CETMAR, T\u00e9cnica Pesquera, Benito Ju\u00e1rez y Carlos A. Ram\u00f3n.<\/p>\n\n\n\n<p>La presidenta municipal afirm\u00f3 que se encuentran coordinados para afrontar la situaci\u00f3n a trav\u00e9s del Plan Marina y Taj\u00edn.<\/p>\n\n\n\n<p>Las autoridades realizaron la sesi\u00f3n extraordinaria el consejo Municipal de Protecci\u00f3n Civil de Alvarado, donde se present\u00f3 un balance de la situaci\u00f3n que guarda el municipio tras las intensas lluvias registradas en las \u00faltimas horas.<\/p>\n\n\n\n<p>La reuni\u00f3n fue encabezada por la alcaldesa Lizzette Alvarez Vera, el Director de La Fuerza Civil, Rafael Gonz\u00e1lez Uscanga, Daniel Alfonso Garc\u00eda L\u00f3pez, Capit\u00e1n de Puerto, Cruz Roja, elementos de Protecci\u00f3n Civil, enlaces del gobierno del estado y funcionarios municipales.<\/p>\n","protected":false},"excerpt":{"rendered":"<p>Jes\u00fas Utrilla | NV Noticias Fueron 2 mil damnificados en Alvarado por las intensas lluvias. Se generaron socavones en el libramiento de Ant\u00f3n Lizardo, el tramo de la carretera federal 180, a la altura del parque deportivo Miguel Alem\u00e1n present\u00f3 problemas a la circulaci\u00f3n vehicular por desgajamiento. Del tramo carretero de Chocot\u00e1n a Buena Vista [&hellip;]<\/p>\n","protected":false},"author":35,"featured_media":74524,"comment_status":"open","ping_status":"open","sticky":false,"template":"","format":"standard","meta":{"_monsterinsights_skip_tracking":false,"_monsterinsights_sitenote_active":false,"_monsterinsights_sitenote_note":"","_monsterinsights_sitenote_category":0,"footnotes":""},"categories":[154],"tags":[19366,19367,19365,6463,162],"class_list":["post-74523","post","type-post","status-publish","format-standard","has-post-thumbnail","hentry","category-veracruz","tag-anvarado","tag-damnificadas","tag-implementan","tag-plan-tajin","tag-portada","wp-image-borders"],"amp_enabled":true,"_links":{"self":[{"href":"https:\/\/nvnoticias.mx\/index.php\/wp-json\/wp\/v2\/posts\/74523","targetHints":{"allow":["GET"]}}],"collection":[{"href":"https:\/\/nvnoticias.mx\/index.php\/wp-json\/wp\/v2\/posts"}],"about":[{"href":"https:\/\/nvnoticias.mx\/index.php\/wp-json\/wp\/v2\/types\/post"}],"author":[{"embeddable":true,"href":"https:\/\/nvnoticias.mx\/index.php\/wp-json\/wp\/v2\/users\/35"}],"replies":[{"embeddable":true,"href":"https:\/\/nvnoticias.mx\/index.php\/wp-json\/wp\/v2\/comments?post=74523"}],"version-history":[{"count":1,"href":"https:\/\/nvnoticias.mx\/index.php\/wp-json\/wp\/v2\/posts\/74523\/revisions"}],"predecessor-version":[{"id":74525,"href":"https:\/\/nvnoticias.mx\/index.php\/wp-json\/wp\/v2\/posts\/74523\/revisions\/74525"}],"wp:featuredmedia":[{"embeddable":true,"href":"https:\/\/nvnoticias.mx\/index.php\/wp-json\/wp\/v2\/media\/74524"}],"wp:attachment":[{"href":"https:\/\/nvnoticias.mx\/index.php\/wp-json\/wp\/v2\/media?parent=74523"}],"wp:term":[{"taxonomy":"category","embeddable":true,"href":"https:\/\/nvnoticias.mx\/index.php\/wp-json\/wp\/v2\/categories?post=74523"},{"taxonomy":"post_tag","embeddable":true,"href":"https:\/\/nvnoticias.mx\/index.php\/wp-json\/wp\/v2\/tags?post=74523"}],"curies":[{"name":"wp","href":"https:\/\/api.w.org\/{rel}","templated":true}]}}