{"id":74440,"date":"2022-09-16T11:43:12","date_gmt":"2022-09-16T16:43:12","guid":{"rendered":"https:\/\/nvnoticias.mx\/?p=74440"},"modified":"2022-09-16T11:43:13","modified_gmt":"2022-09-16T16:43:13","slug":"se-formo-david-beckham-y-asistio-a-despedir-a-la-reina-isabel-ii-en-el-westminster-hall","status":"publish","type":"post","link":"https:\/\/nvnoticias.mx\/index.php\/2022\/09\/16\/se-formo-david-beckham-y-asistio-a-despedir-a-la-reina-isabel-ii-en-el-westminster-hall\/","title":{"rendered":"Se form\u00f3 David Beckham y asisti\u00f3 a despedir a la Reina Isabel II en el Westminster Hall"},"content":{"rendered":"\n<p>El exfutbolista\u00a0<strong>David Beckham<\/strong>\u00a0est\u00e1 presente en la kilom\u00e9trica cola para ver la capilla ardiente de la reina Isabel II en Londres.<\/p>\n\n\n\n<p>Beckham, amigo de la familia real y que estuvo presente en la boda de\u00a0<strong>Enrique<\/strong>\u00a0y\u00a0<strong>Meghan\u00a0<\/strong>en 2018, se ha unido a las miles de personas presentes en la cola que recorre la orilla del r\u00edo T\u00e1mesis y que da acceso a ver el f\u00e9retro de la reina, que reposa en el\u00a0<strong>Hall de Westminster<\/strong>.<\/p>\n\n\n\n<p>Seg\u00fan los medios brit\u00e1nicos,&nbsp;<strong>Beckham&nbsp;<\/strong>ha estado unas doce horas en la cola, que alcanza ya m\u00e1s de ocho kil\u00f3metros.<\/p>\n\n\n\n<p>Con un traje negro y una gorra, el que fuera futbolista de la selecci\u00f3n inglesa, el&nbsp;<strong>Real Madrid<\/strong>&nbsp;y el&nbsp;<strong>Manchester United<\/strong>, ha compartido &#8220;sandwiches&#8221;, &#8220;sorbete de lim\u00f3n&#8221; y &#8220;donuts&#8221; con el resto de personas presentes en la fila.&nbsp;<\/p>\n\n\n\n<p>La gente, al descubrir a\u00a0<strong>Beckham\u00a0<\/strong>entre la multitud, se ha hecho fotos con el exfutbolista, interrumpiendo el normal avance de la cola.\u00a0<\/p>\n\n\n\n<p>Beckham no ha sido la \u00fanica celebridad en unirse a la fila estos d\u00edas y la exprimera ministra\u00a0<strong>Theresa May<\/strong>\u00a0tambi\u00e9n fue de las primeras en presentar sus respetos a la reina despu\u00e9s de esperar su turno como el resto.\u00a0<\/p>\n\n\n\n<p>Fuente:<a href=\"https:\/\/www.eluniversal.com.mx\/universal-deportes\/david-beckham-se-formo-y-asistio-despedir-la-reina-isabel-ii-en-el-westminster-hall\" data-type=\"URL\" data-id=\"https:\/\/www.eluniversal.com.mx\/universal-deportes\/david-beckham-se-formo-y-asistio-despedir-la-reina-isabel-ii-en-el-westminster-hall\"> El Universal<\/a><\/p>\n","protected":false},"excerpt":{"rendered":"<p>El exfutbolista\u00a0David Beckham\u00a0est\u00e1 presente en la kilom\u00e9trica cola para ver la capilla ardiente de la reina Isabel II en Londres. Beckham, amigo de la familia real y que estuvo presente en la boda de\u00a0Enrique\u00a0y\u00a0Meghan\u00a0en 2018, se ha unido a las miles de personas presentes en la cola que recorre la orilla del r\u00edo T\u00e1mesis y [&hellip;]<\/p>\n","protected":false},"author":35,"featured_media":74441,"comment_status":"open","ping_status":"open","sticky":false,"template":"","format":"standard","meta":{"_monsterinsights_skip_tracking":false,"_monsterinsights_sitenote_active":false,"_monsterinsights_sitenote_note":"","_monsterinsights_sitenote_category":0,"footnotes":""},"categories":[576],"tags":[19332,19331,11579,2906],"class_list":["post-74440","post","type-post","status-publish","format-standard","has-post-thumbnail","hentry","category-ocio","tag-asistio","tag-david-beckham","tag-despedir","tag-reina-isabel-ii","wp-image-borders"],"amp_enabled":true,"_links":{"self":[{"href":"https:\/\/nvnoticias.mx\/index.php\/wp-json\/wp\/v2\/posts\/74440","targetHints":{"allow":["GET"]}}],"collection":[{"href":"https:\/\/nvnoticias.mx\/index.php\/wp-json\/wp\/v2\/posts"}],"about":[{"href":"https:\/\/nvnoticias.mx\/index.php\/wp-json\/wp\/v2\/types\/post"}],"author":[{"embeddable":true,"href":"https:\/\/nvnoticias.mx\/index.php\/wp-json\/wp\/v2\/users\/35"}],"replies":[{"embeddable":true,"href":"https:\/\/nvnoticias.mx\/index.php\/wp-json\/wp\/v2\/comments?post=74440"}],"version-history":[{"count":2,"href":"https:\/\/nvnoticias.mx\/index.php\/wp-json\/wp\/v2\/posts\/74440\/revisions"}],"predecessor-version":[{"id":74443,"href":"https:\/\/nvnoticias.mx\/index.php\/wp-json\/wp\/v2\/posts\/74440\/revisions\/74443"}],"wp:featuredmedia":[{"embeddable":true,"href":"https:\/\/nvnoticias.mx\/index.php\/wp-json\/wp\/v2\/media\/74441"}],"wp:attachment":[{"href":"https:\/\/nvnoticias.mx\/index.php\/wp-json\/wp\/v2\/media?parent=74440"}],"wp:term":[{"taxonomy":"category","embeddable":true,"href":"https:\/\/nvnoticias.mx\/index.php\/wp-json\/wp\/v2\/categories?post=74440"},{"taxonomy":"post_tag","embeddable":true,"href":"https:\/\/nvnoticias.mx\/index.php\/wp-json\/wp\/v2\/tags?post=74440"}],"curies":[{"name":"wp","href":"https:\/\/api.w.org\/{rel}","templated":true}]}}