{"id":74263,"date":"2022-09-15T09:14:20","date_gmt":"2022-09-15T14:14:20","guid":{"rendered":"https:\/\/nvnoticias.mx\/?p=74263"},"modified":"2022-09-15T09:16:02","modified_gmt":"2022-09-15T14:16:02","slug":"se-desbordo-el-rio-cotaxtla-pero-comenzo-a-disminuir-su-nivel","status":"publish","type":"post","link":"https:\/\/nvnoticias.mx\/index.php\/2022\/09\/15\/se-desbordo-el-rio-cotaxtla-pero-comenzo-a-disminuir-su-nivel\/","title":{"rendered":"Se desbord\u00f3 el r\u00edo Cotaxtla pero comenz\u00f3 a disminuir su nivel"},"content":{"rendered":"\n<p><strong>Jes\u00fas Utrilla \/ NV Noticias<\/strong><\/p>\n\n\n\n<p>Las intensas lluvias registradas en la zona alta ocasionar\u00edan que subiera el nivel Del R\u00edo Cotaxtla. <\/p>\n\n\n\n<p>El afluente es de respuesta r\u00e1pida por lo que se implement\u00f3 vigilancia para actuar oportunamente ante cualquier contingencia. <\/p>\n\n\n\n<p>La vigilancia se centr\u00f3 en las comunidades: La Colonia Ejidal, Santa Luc\u00eda y Paso Real. <\/p>\n\n\n\n<p>Hay tambi\u00e9n labores de apoyo y se monitoree la zona ganadera que se encuentra en las inmediaciones del afluente. <\/p>\n\n\n\n<p>Cabe recordar que adem\u00e1s de la costa hay intensas lluvias en la parte alta del centro del estado. <\/p>\n\n\n\n<p>Esto gener\u00f3 que el afluente captara m\u00e1s l\u00edquido y subiera su nivel durante la madrugada de este jueves. <\/p>\n\n\n\n<p>Tambi\u00e9n se puso en marcha labores a los afectados en la cabecera municipal. <\/p>\n\n\n\n<blockquote class=\"wp-block-quote is-layout-flow wp-block-quote-is-layout-flow\"><p>\u201c<em>Ya el nivel del r\u00edo est\u00e1 bajando pero s\u00ed tuvimos un desbordamiento menor que afect\u00f3 comercios<\/em>\u201d, se\u00f1alaron autoridades municipales.<\/p><\/blockquote>\n\n\n\n<p>Se espera que conforme transcurran las horas el nivel del afluente siga bajando. Sin embargo, permanecer\u00e1 la vigilancia para atender cualquier contingencia que llegue a suscitarse.<\/p>\n","protected":false},"excerpt":{"rendered":"<p>Jes\u00fas Utrilla \/ NV Noticias Las intensas lluvias registradas en la zona alta ocasionar\u00edan que subiera el nivel Del R\u00edo Cotaxtla. El afluente es de respuesta r\u00e1pida por lo que se implement\u00f3 vigilancia para actuar oportunamente ante cualquier contingencia. La vigilancia se centr\u00f3 en las comunidades: La Colonia Ejidal, Santa Luc\u00eda y Paso Real. Hay [&hellip;]<\/p>\n","protected":false},"author":8,"featured_media":74265,"comment_status":"open","ping_status":"open","sticky":false,"template":"","format":"standard","meta":{"_monsterinsights_skip_tracking":false,"_monsterinsights_sitenote_active":false,"_monsterinsights_sitenote_note":"","_monsterinsights_sitenote_category":0,"footnotes":""},"categories":[154],"tags":[5745,162,19296],"class_list":["post-74263","post","type-post","status-publish","format-standard","has-post-thumbnail","hentry","category-veracruz","tag-desbordamiento","tag-portada","tag-rio-cotaxtla","wp-image-borders"],"amp_enabled":true,"_links":{"self":[{"href":"https:\/\/nvnoticias.mx\/index.php\/wp-json\/wp\/v2\/posts\/74263","targetHints":{"allow":["GET"]}}],"collection":[{"href":"https:\/\/nvnoticias.mx\/index.php\/wp-json\/wp\/v2\/posts"}],"about":[{"href":"https:\/\/nvnoticias.mx\/index.php\/wp-json\/wp\/v2\/types\/post"}],"author":[{"embeddable":true,"href":"https:\/\/nvnoticias.mx\/index.php\/wp-json\/wp\/v2\/users\/8"}],"replies":[{"embeddable":true,"href":"https:\/\/nvnoticias.mx\/index.php\/wp-json\/wp\/v2\/comments?post=74263"}],"version-history":[{"count":2,"href":"https:\/\/nvnoticias.mx\/index.php\/wp-json\/wp\/v2\/posts\/74263\/revisions"}],"predecessor-version":[{"id":74267,"href":"https:\/\/nvnoticias.mx\/index.php\/wp-json\/wp\/v2\/posts\/74263\/revisions\/74267"}],"wp:featuredmedia":[{"embeddable":true,"href":"https:\/\/nvnoticias.mx\/index.php\/wp-json\/wp\/v2\/media\/74265"}],"wp:attachment":[{"href":"https:\/\/nvnoticias.mx\/index.php\/wp-json\/wp\/v2\/media?parent=74263"}],"wp:term":[{"taxonomy":"category","embeddable":true,"href":"https:\/\/nvnoticias.mx\/index.php\/wp-json\/wp\/v2\/categories?post=74263"},{"taxonomy":"post_tag","embeddable":true,"href":"https:\/\/nvnoticias.mx\/index.php\/wp-json\/wp\/v2\/tags?post=74263"}],"curies":[{"name":"wp","href":"https:\/\/api.w.org\/{rel}","templated":true}]}}