{"id":73948,"date":"2022-09-13T07:46:08","date_gmt":"2022-09-13T12:46:08","guid":{"rendered":"https:\/\/nvnoticias.mx\/?p=73948"},"modified":"2022-09-13T07:46:09","modified_gmt":"2022-09-13T12:46:09","slug":"arman-morenistas-plan-para-garantizar-aprobacion-de-reforma-militar-del-pri","status":"publish","type":"post","link":"https:\/\/nvnoticias.mx\/index.php\/2022\/09\/13\/arman-morenistas-plan-para-garantizar-aprobacion-de-reforma-militar-del-pri\/","title":{"rendered":"Arman Morenistas plan para garantizar aprobaci\u00f3n de reforma militar del PRI"},"content":{"rendered":"\n<p>Previo a la votaci\u00f3n en el pleno de la&nbsp;<strong>iniciativa del PRI&nbsp;<\/strong>para que el ej\u00e9rcito se mantenga en las calles hasta 2028, la bancada de Morena en San L\u00e1zaro, aval\u00f3 un plan para evitar contratiempos.<\/p>\n\n\n\n<p>La estrategia contempla que los 203 legisladores y legisladoras guindas se hagan presentes en la<strong>\u00a0C\u00e1mara de Diputados<\/strong>\u00a0desde este martes 13 de septiembre.<\/p>\n\n\n\n<p>En la orden que les fue enviada a cada integrantes, se pide que cada uno de ellos &#8220;deber\u00e1 presentarse a las instalaciones de la\u00a0<strong>C\u00e1mara de Diputados<\/strong>\u00a0con maleta, tel\u00e9fono personal, y tel\u00e9fono con la aplicaci\u00f3n APRAV (para votar) con suficiente bater\u00eda y cr\u00e9dito.<\/p>\n\n\n\n<p>El mismo martes, la bancada morenista sostendr\u00e1, en punto de las 10:00 horas, una reuni\u00f3n previa en el auditorio Aurora Jim\u00e9nez, en la que se prev\u00e9 que su coordinador, Ignacio Mier, les pide que todos voten a favor de la propuesta tricolor.<\/p>\n\n\n\n<p>M\u00e1s tarde, acudir\u00e1n a la sesi\u00f3n del pleno, y al t\u00e9rmino, todos ser\u00e1n trasladados a un par de hoteles cercanos al recinto Legislativo. &#8220;Al t\u00e9rmino de la sesi\u00f3n, se llevar\u00e1 a cabo el traslado para su estancia y descanso en los hoteles: Riazor y Holiday Inn.\u00a0<\/p>\n\n\n\n<p>El mismo martes, se prev\u00e9 una cena de todo el Grupo Parlamentario en el Hotel Holiday Inn, a las 8:00 p.m.<\/p>\n\n\n\n<p>Para el d\u00eda mi\u00e9rcoles 14 de septiembre, las y los diputados deber\u00e1n salir de sus hoteles desde las 7:00 horas, para ser trasladados en autobuses hacia la C\u00e1mara baja en punto de las &nbsp;7:30 a.m.<\/p>\n\n\n\n<p>A las 8:00<strong>\u00a0Ignacio Mier\u00a0<\/strong>encabezar\u00e1 un desayuno en el comedor del Grupo Parlamentario, mientras que a las 9:00 en punto, todos deben estar en el pleno listos para votar a favor la propuesta del PRI.<\/p>\n\n\n\n<blockquote class=\"wp-block-quote is-layout-flow wp-block-quote-is-layout-flow\"><p>&#8220;Al t\u00e9rmino de la sesi\u00f3n, se llevar\u00e1 a cabo el traslado a su hotel. Cabe mencionar que la estancia de las dos noches en el hotel por asignar, ya fueron reservadas por el\u00a0<strong>Grupo Parlamentario de Morena<\/strong>&#8220;, concluye la agenda que recibieron este lunes las y los legisladores guindas.<\/p><\/blockquote>\n\n\n\n<p>Fuente: <a href=\"https:\/\/www.eluniversal.com.mx\/nacion\/morenistas-arman-plan-para-garantizar-aprobacion-de-reforma-militar-del-pri\" data-type=\"URL\" data-id=\"https:\/\/www.eluniversal.com.mx\/nacion\/morenistas-arman-plan-para-garantizar-aprobacion-de-reforma-militar-del-pri\">El Universal<\/a><\/p>\n","protected":false},"excerpt":{"rendered":"<p>Previo a la votaci\u00f3n en el pleno de la&nbsp;iniciativa del PRI&nbsp;para que el ej\u00e9rcito se mantenga en las calles hasta 2028, la bancada de Morena en San L\u00e1zaro, aval\u00f3 un plan para evitar contratiempos. La estrategia contempla que los 203 legisladores y legisladoras guindas se hagan presentes en la\u00a0C\u00e1mara de Diputados\u00a0desde este martes 13 de [&hellip;]<\/p>\n","protected":false},"author":35,"featured_media":29206,"comment_status":"open","ping_status":"open","sticky":false,"template":"","format":"standard","meta":{"_monsterinsights_skip_tracking":false,"_monsterinsights_sitenote_active":false,"_monsterinsights_sitenote_note":"","_monsterinsights_sitenote_category":0,"footnotes":""},"categories":[158],"tags":[3532,13536,9095,16397,162,208,19234],"class_list":["post-73948","post","type-post","status-publish","format-standard","has-post-thumbnail","hentry","category-politica","tag-aprobacion","tag-arman","tag-garantizar","tag-morenistas","tag-portada","tag-pri","tag-reforma-militar","wp-image-borders"],"amp_enabled":true,"_links":{"self":[{"href":"https:\/\/nvnoticias.mx\/index.php\/wp-json\/wp\/v2\/posts\/73948","targetHints":{"allow":["GET"]}}],"collection":[{"href":"https:\/\/nvnoticias.mx\/index.php\/wp-json\/wp\/v2\/posts"}],"about":[{"href":"https:\/\/nvnoticias.mx\/index.php\/wp-json\/wp\/v2\/types\/post"}],"author":[{"embeddable":true,"href":"https:\/\/nvnoticias.mx\/index.php\/wp-json\/wp\/v2\/users\/35"}],"replies":[{"embeddable":true,"href":"https:\/\/nvnoticias.mx\/index.php\/wp-json\/wp\/v2\/comments?post=73948"}],"version-history":[{"count":2,"href":"https:\/\/nvnoticias.mx\/index.php\/wp-json\/wp\/v2\/posts\/73948\/revisions"}],"predecessor-version":[{"id":73950,"href":"https:\/\/nvnoticias.mx\/index.php\/wp-json\/wp\/v2\/posts\/73948\/revisions\/73950"}],"wp:featuredmedia":[{"embeddable":true,"href":"https:\/\/nvnoticias.mx\/index.php\/wp-json\/wp\/v2\/media\/29206"}],"wp:attachment":[{"href":"https:\/\/nvnoticias.mx\/index.php\/wp-json\/wp\/v2\/media?parent=73948"}],"wp:term":[{"taxonomy":"category","embeddable":true,"href":"https:\/\/nvnoticias.mx\/index.php\/wp-json\/wp\/v2\/categories?post=73948"},{"taxonomy":"post_tag","embeddable":true,"href":"https:\/\/nvnoticias.mx\/index.php\/wp-json\/wp\/v2\/tags?post=73948"}],"curies":[{"name":"wp","href":"https:\/\/api.w.org\/{rel}","templated":true}]}}