{"id":73842,"date":"2022-09-12T14:27:43","date_gmt":"2022-09-12T19:27:43","guid":{"rendered":"https:\/\/nvnoticias.mx\/?p=73842"},"modified":"2022-09-12T14:27:43","modified_gmt":"2022-09-12T19:27:43","slug":"bale-supera-a-vela-y-chicharito-en-ventas-de-camisetas-en-la-mls","status":"publish","type":"post","link":"https:\/\/nvnoticias.mx\/index.php\/2022\/09\/12\/bale-supera-a-vela-y-chicharito-en-ventas-de-camisetas-en-la-mls\/","title":{"rendered":"Bale supera a Vela y &#8216;Chicharito&#8217; en ventas de camisetas en la MLS"},"content":{"rendered":"\n<p>El gal\u00e9s\u00a0Gareth Bale, delantero del\u00a0Los \u00c1ngeles FC\u00a0y cinco veces campe\u00f3n de Europa con el Real Madrid, es el jugador que m\u00e1s camisetas ha vendido este a\u00f1o en la MLS, al situarse por delante de los mexicanos\u00a0Carlos Vela,\u00a0tercero, y\u00a0Javier &#8216;Chicharito&#8217; Hern\u00e1ndez, cuarto.<\/p>\n\n\n\n<p>Pese a fichar por el LAFC el pasado julio, en poco m\u00e1s de dos meses Bale se situ\u00f3 al frente de la clasificaci\u00f3n de las 25 el\u00e1sticas m\u00e1s vendidas en la plataforma oficial &#8216;MLSstore.com&#8217;, en la que catorce pertenecen a jugadores latinos, seg\u00fan inform\u00f3 la MLS en un comunicado.<\/p>\n\n\n\n<p>Bale, de 34 a\u00f1os, lidera esta clasificaci\u00f3n por delante del austr\u00edaco\u00a0Christian Fuchs, capit\u00e1n del Charlotte FC, un equipo reci\u00e9n llegado a la MLS que dispar\u00f3 la pasi\u00f3n futbol\u00edstica en Carolina del Norte.<\/p>\n\n\n\n<p>Vela cierra el podio, con &#8216;Chicharito&#8217; cuarto y el venezolano Josef Mart\u00ednez, delantero del Atlanta United, quinto.<\/p>\n\n\n\n<p>Los Seattle Sounders, ganadores este a\u00f1o de la Liga de Campeones de Concacaf, son el equipo m\u00e1s representado en esta clasificaci\u00f3n con cuatro jugadores, tres de ellos latinos.<\/p>\n\n\n\n<p>El peruano Ra\u00fal Ruid\u00edaz es sexto, el estadounidense Jordan Morris es noveno, el salvadore\u00f1o Cristian Rold\u00e1n es decimocuarto y el uruguago Nicol\u00e1s Lodeiro es decimosexto.<\/p>\n\n\n\n<p>Carles Gil, el MVP de la \u00faltima temporada con los New England Revolution, es el \u00fanico espa\u00f1ol en esta lista, en la que tambi\u00e9n figuran los brasile\u00f1os Douglas Costa, de Los \u00c1ngeles Galaxy, y Luiz Ara\u00fajo, del Atlanta United.<\/p>\n\n\n\n<p>Fuente: <a href=\"https:\/\/www.espn.com.mx\/futbol\/mls\/nota\/_\/id\/10922356\/gareth-bale-carlos-vela-chicharito-camisetas-mls\">ESPN<\/a><\/p>\n","protected":false},"excerpt":{"rendered":"<p>El gal\u00e9s\u00a0Gareth Bale, delantero del\u00a0Los \u00c1ngeles FC\u00a0y cinco veces campe\u00f3n de Europa con el Real Madrid, es el jugador que m\u00e1s camisetas ha vendido este a\u00f1o en la MLS, al situarse por delante de los mexicanos\u00a0Carlos Vela,\u00a0tercero, y\u00a0Javier &#8216;Chicharito&#8217; Hern\u00e1ndez, cuarto. Pese a fichar por el LAFC el pasado julio, en poco m\u00e1s de dos [&hellip;]<\/p>\n","protected":false},"author":8,"featured_media":73846,"comment_status":"open","ping_status":"open","sticky":false,"template":"","format":"standard","meta":{"_monsterinsights_skip_tracking":false,"_monsterinsights_sitenote_active":false,"_monsterinsights_sitenote_note":"","_monsterinsights_sitenote_category":0,"footnotes":""},"categories":[159],"tags":[19215,6430,19214,10501],"class_list":["post-73842","post","type-post","status-publish","format-standard","has-post-thumbnail","hentry","category-deportes","tag-carlos-vela","tag-chicharito-hernandez","tag-gareth-bale","tag-mls","wp-image-borders"],"amp_enabled":true,"_links":{"self":[{"href":"https:\/\/nvnoticias.mx\/index.php\/wp-json\/wp\/v2\/posts\/73842","targetHints":{"allow":["GET"]}}],"collection":[{"href":"https:\/\/nvnoticias.mx\/index.php\/wp-json\/wp\/v2\/posts"}],"about":[{"href":"https:\/\/nvnoticias.mx\/index.php\/wp-json\/wp\/v2\/types\/post"}],"author":[{"embeddable":true,"href":"https:\/\/nvnoticias.mx\/index.php\/wp-json\/wp\/v2\/users\/8"}],"replies":[{"embeddable":true,"href":"https:\/\/nvnoticias.mx\/index.php\/wp-json\/wp\/v2\/comments?post=73842"}],"version-history":[{"count":1,"href":"https:\/\/nvnoticias.mx\/index.php\/wp-json\/wp\/v2\/posts\/73842\/revisions"}],"predecessor-version":[{"id":73848,"href":"https:\/\/nvnoticias.mx\/index.php\/wp-json\/wp\/v2\/posts\/73842\/revisions\/73848"}],"wp:featuredmedia":[{"embeddable":true,"href":"https:\/\/nvnoticias.mx\/index.php\/wp-json\/wp\/v2\/media\/73846"}],"wp:attachment":[{"href":"https:\/\/nvnoticias.mx\/index.php\/wp-json\/wp\/v2\/media?parent=73842"}],"wp:term":[{"taxonomy":"category","embeddable":true,"href":"https:\/\/nvnoticias.mx\/index.php\/wp-json\/wp\/v2\/categories?post=73842"},{"taxonomy":"post_tag","embeddable":true,"href":"https:\/\/nvnoticias.mx\/index.php\/wp-json\/wp\/v2\/tags?post=73842"}],"curies":[{"name":"wp","href":"https:\/\/api.w.org\/{rel}","templated":true}]}}