{"id":7379,"date":"2021-03-11T17:25:11","date_gmt":"2021-03-11T23:25:11","guid":{"rendered":"https:\/\/nvnoticias.mx\/?p=7379"},"modified":"2021-03-11T17:26:13","modified_gmt":"2021-03-11T23:26:13","slug":"entregan-notificaciones-entrega-presea-cruz-diamante","status":"publish","type":"post","link":"https:\/\/nvnoticias.mx\/index.php\/2021\/03\/11\/entregan-notificaciones-entrega-presea-cruz-diamante\/","title":{"rendered":"Entregan notificaciones de la entrega de presea Cruz de Diamante"},"content":{"rendered":"\n<p><strong>Jes\u00fas Utrilla \/ NV Noticias<\/strong><\/p>\n\n\n\n<p>En el marco de los festejos de la Fundaci\u00f3n de M\u00e9xico Tenochtitlan, as\u00ed como de los 502 a\u00f1os de la Fundaci\u00f3n de Veracruz, el Consejo Mexicano de Empresarios de la Cultura, las Artes y la Historia, entregar\u00e1 la presea Cruz de Diamante a personalidades destacadas del \u00e1mbito social, empresarial, art\u00edstico y cultural que se hayan destacado por su compromiso, entrega y aportes al mejoramiento de nuestra sociedad actual y entorno, en una gala a celebrarse en el Puerto de Veracruz, anunci\u00f3 el Presidente de este consejo Bernardo Barrios Rodr\u00edguez.<\/p>\n\n\n\n<p>La Presea, que ser\u00e1 entregada por primera vez, incluir\u00e1 a personalidades destacadas de la sociedad, mexicanos y extranjeros que han tenido una destacada participaci\u00f3n en los procesos de cambio y aportado a la sociedad su arte, experiencia y entrega en sus \u00e1reas respectivas.<\/p>\n\n\n\n<p>En el marco de la conmemoraci\u00f3n del D\u00eda Internacional de la Mujer, que cada a\u00f1o se realiza 8 de marzo, en Veracruz se entregaron las notificaciones de su galard\u00f3n a dos mujeres destacadas de la sociedad veracruzana, la doctora en derecho, directora de la Universidad Agust\u00edn de Hipona, Guadalupe Patricia Ju\u00e1rez Hern\u00e1ndez, por su aportaci\u00f3n en la b\u00fasqueda de una aplicaci\u00f3n de la Justicia pronta, expedita y respetuosa de los derechos humanos, y por su compromiso a la ense\u00f1anza y difusi\u00f3n de la cultura del derecho en nuestra entidad y nuestro pa\u00eds.<\/p>\n\n\n\n<p>As\u00ed mismo, se notific\u00f3 de su designaci\u00f3n como galardonada, a la Secretar\u00eda Estatal del Sindicato Nacional del Cemento, Cal y Transportes, Roc\u00edo Montes de Oca Ayala, por ser la primera mujer veracruzana que en base a su esfuerzo, trabajo decidido y compromiso con uno de los sectores sindicales m\u00e1s importantes, ha logrado dirigir a esa organizaci\u00f3n con el respaldo un\u00e1nime de los agremiados al mismo.<\/p>\n\n\n\n<p>De la misma manera, el presidente del Consejo Mexicano de Empresarios de la Cultura, las Artes e Historia, Bernardo Barrios, asegur\u00f3 que se entregar\u00e1n galardones a la agrupaciones musicales Los Junior Klan y Los Super Lamas, as\u00ed como a Paquita la del Barrio, por su aporte a la cultura musical de nuestro pa\u00eds y su larga trayectoria, en el caso de la int\u00e9rprete de temas de \u00e9xito como &#8220;Rata de Dos Patas&#8221;, &#8220;Tres Veces te enga\u00f1e&#8221; entre otros, la presea se le otorgar\u00e1 por sus primeros 50 a\u00f1os de trayectoria art\u00edstica.<\/p>\n\n\n\n<p>As\u00ed tambi\u00e9n se premiara a personalidades como el artista latino Norberto V\u00e9lez, productor internacional de grandes artistas del g\u00e9nero salsa, o el dirigente de la industria el\u00e9ctrica en nuestro pa\u00eds, don Pedro Blanco Garc\u00eda, ante su labor para reforzar y enaltecer el trabajo que realizan los trabajadores de este sector en beneficio del pa\u00eds.<\/p>\n\n\n\n<p>El galard\u00f3n se entregar\u00e1 en una Gala a celebrarse en esta ciudad, el pr\u00f3ximo 6 de Mayo.<\/p>\n","protected":false},"excerpt":{"rendered":"<p>Jes\u00fas Utrilla \/ NV Noticias En el marco de los festejos de la Fundaci\u00f3n de M\u00e9xico Tenochtitlan, as\u00ed como de los 502 a\u00f1os de la Fundaci\u00f3n de Veracruz, el Consejo Mexicano de Empresarios de la Cultura, las Artes y la Historia, entregar\u00e1 la presea Cruz de Diamante a personalidades destacadas del \u00e1mbito social, empresarial, art\u00edstico [&hellip;]<\/p>\n","protected":false},"author":7,"featured_media":7380,"comment_status":"open","ping_status":"open","sticky":false,"template":"","format":"standard","meta":{"_monsterinsights_skip_tracking":false,"_monsterinsights_sitenote_active":false,"_monsterinsights_sitenote_note":"","_monsterinsights_sitenote_category":0,"footnotes":""},"categories":[154],"tags":[2187,2186,180],"class_list":["post-7379","post","type-post","status-publish","format-standard","has-post-thumbnail","hentry","category-veracruz","tag-notificaciones","tag-presea-cruz-de-diamante","tag-veracruz","wp-image-borders"],"amp_enabled":true,"_links":{"self":[{"href":"https:\/\/nvnoticias.mx\/index.php\/wp-json\/wp\/v2\/posts\/7379","targetHints":{"allow":["GET"]}}],"collection":[{"href":"https:\/\/nvnoticias.mx\/index.php\/wp-json\/wp\/v2\/posts"}],"about":[{"href":"https:\/\/nvnoticias.mx\/index.php\/wp-json\/wp\/v2\/types\/post"}],"author":[{"embeddable":true,"href":"https:\/\/nvnoticias.mx\/index.php\/wp-json\/wp\/v2\/users\/7"}],"replies":[{"embeddable":true,"href":"https:\/\/nvnoticias.mx\/index.php\/wp-json\/wp\/v2\/comments?post=7379"}],"version-history":[{"count":1,"href":"https:\/\/nvnoticias.mx\/index.php\/wp-json\/wp\/v2\/posts\/7379\/revisions"}],"predecessor-version":[{"id":7381,"href":"https:\/\/nvnoticias.mx\/index.php\/wp-json\/wp\/v2\/posts\/7379\/revisions\/7381"}],"wp:featuredmedia":[{"embeddable":true,"href":"https:\/\/nvnoticias.mx\/index.php\/wp-json\/wp\/v2\/media\/7380"}],"wp:attachment":[{"href":"https:\/\/nvnoticias.mx\/index.php\/wp-json\/wp\/v2\/media?parent=7379"}],"wp:term":[{"taxonomy":"category","embeddable":true,"href":"https:\/\/nvnoticias.mx\/index.php\/wp-json\/wp\/v2\/categories?post=7379"},{"taxonomy":"post_tag","embeddable":true,"href":"https:\/\/nvnoticias.mx\/index.php\/wp-json\/wp\/v2\/tags?post=7379"}],"curies":[{"name":"wp","href":"https:\/\/api.w.org\/{rel}","templated":true}]}}