{"id":73658,"date":"2022-09-10T17:38:19","date_gmt":"2022-09-10T22:38:19","guid":{"rendered":"https:\/\/nvnoticias.mx\/?p=73658"},"modified":"2022-09-10T17:38:20","modified_gmt":"2022-09-10T22:38:20","slug":"luis-roberto-alves-zague-arremete-contra-posible-convocatoria-de-funes-mori-a-qatar-2022","status":"publish","type":"post","link":"https:\/\/nvnoticias.mx\/index.php\/2022\/09\/10\/luis-roberto-alves-zague-arremete-contra-posible-convocatoria-de-funes-mori-a-qatar-2022\/","title":{"rendered":"Luis Roberto Alves Zague arremete contra posible convocatoria de Funes Mori a Qatar 2022"},"content":{"rendered":"\n<p>De cara al Mundial de Qatar 2022, Gerardo Martino sigue definiendo los \u00faltimos lugares de la selecci\u00f3n mexicana, pero lo que m\u00e1s llama la atenci\u00f3n es la confirmaci\u00f3n del ataque, donde Rogelio Funes Mori se perfila estar dentro de los convocados, situaci\u00f3n que reprob\u00f3 Luis Roberto Alves Zague. <\/p>\n\n\n\n<p>El delantero argentino est\u00e1 en la mira de su compatriota para ir a la Copa del Mundo, situaci\u00f3n que ha sorprendido, debido a su inactividad en Monterrey por su lesi\u00f3n, situaci\u00f3n por la que el estratega busca alternativas para poder llamarlo. <\/p>\n\n\n\n<p>Durante la transmisi\u00f3n de TV Azteca del partido entre Ju\u00e1rez y Rayados, el cual dio inicio a la jornada 14 del Apertura 2022 de la Liga MX, David Medrano asegur\u00f3 que el Tata est\u00e1 planeando los tiempos, junto a su homologo de La Pandilla, V\u00edctor Manuel Vucetich, para que el atacante legue a tiempo y en ritmo a la justa. <\/p>\n\n\n\n<blockquote class=\"wp-block-quote is-layout-flow wp-block-quote-is-layout-flow\"><p><em>\u201cEl Tata dialog\u00f3 con el cuerpo t\u00e9cnico de Vucetich y llegaron a un acuerdo con el caso de Funes Mori<\/em>\u201d, inform\u00f3 el periodista para los micr\u00f3fonos de TV Azteca. <\/p><\/blockquote>\n\n\n\n<p>Medrano F\u00e9lix explic\u00f3 que el acuerdo entre Martino y el Rey Midas es que el argentino no jugar\u00e1 con Monterrey hasta la jornada 17 del Apertura 2022, pero s\u00ed tendr\u00e1 permiso para ir a la Fecha FIFA con el Tricolor, donde jugar\u00eda unos minutos ante Colombia. <\/p>\n\n\n\n<p>En caso de que todo salga como lo planeado, Funes Mori jugar\u00eda la fase final de la Liga MX con Monterrey y tendr\u00eda ritmo para la justa mundialista. <\/p>\n\n\n\n<p><strong>Zague arremete contra Funes Mori: \u201cYa no juegas y te convocan\u201d <\/strong><\/p>\n\n\n\n<p>La posible convocatoria de Rogelio Funes Mori a la Copa del Mundo ha causado una serie de reacciones negativas por su condici\u00f3n de naturalizado, y Luis Roberto Alves Zague se uni\u00f3 de manera fuerte a esas cr\u00edticas. <\/p>\n\n\n\n<p>Luego de escuchar le reporte de su compa\u00f1ero TV Azteca, Zague se lanz\u00f3 en contra del llamado al argentino con un tomo sarc\u00e1stico y reprobando la insistencia de Gerardo Martino. <\/p>\n\n\n\n<blockquote class=\"wp-block-quote is-layout-flow wp-block-quote-is-layout-flow\"><p>\u201c<em>Qu\u00e9 maravilla esa selecci\u00f3n ya no tienes que demostrar nada en tu club, no juegas y te convocan. Muy bien, como han cambiado los tiempos<\/em>\u201d, comenz\u00f3 el ex delantero del Am\u00e9rica. <\/p><\/blockquote>\n\n\n\n<blockquote class=\"wp-block-quote is-layout-flow wp-block-quote-is-layout-flow\"><p>\u201c<em>En mi generaci\u00f3n me ense\u00f1aron que ten\u00edas que partirte la madre\u00a0en la cancha con tu equipo y despu\u00e9s te convocaban. Qu\u00e9 maravilla<\/em>\u201d, sentenci\u00f3 el ex seleccionado nacional. <\/p><\/blockquote>\n\n\n\n<blockquote class=\"tiktok-embed\" cite=\"https:\/\/www.tiktok.com\/@isportsebas\/video\/7141596519899073798\" data-video-id=\"7141596519899073798\" style=\"max-width: 605px;min-width: 325px;\" > <section> <a target=\"_blank\" title=\"@isportsebas\" href=\"https:\/\/www.tiktok.com\/@isportsebas?refer=embed\" rel=\"noopener\">@isportsebas<\/a> <p>Un jugador que pr\u00e1cticamente no ha jugado tiene asegurado su lugar en el mundial ????<\/p> <a target=\"_blank\" title=\"\u266c sonido original - iSportSebas\" href=\"https:\/\/www.tiktok.com\/music\/sonido-original-7141596528451390214?refer=embed\" rel=\"noopener\">\u266c sonido original &#8211; iSportSebas<\/a> <\/section> <\/blockquote> <script async src=\"https:\/\/www.tiktok.com\/embed.js\"><\/script>\n\n\n\n<p>Fuente: <a href=\"https:\/\/www.milenio.com\/futbol\/seleccion-mexicana\/zague-arremete-contra-convocatoria-de-funes-mori-a-qatar-2022\">Milenio<\/a><\/p>\n","protected":false},"excerpt":{"rendered":"<p>De cara al Mundial de Qatar 2022, Gerardo Martino sigue definiendo los \u00faltimos lugares de la selecci\u00f3n mexicana, pero lo que m\u00e1s llama la atenci\u00f3n es la confirmaci\u00f3n del ataque, donde Rogelio Funes Mori se perfila estar dentro de los convocados, situaci\u00f3n que reprob\u00f3 Luis Roberto Alves Zague. El delantero argentino est\u00e1 en la mira [&hellip;]<\/p>\n","protected":false},"author":8,"featured_media":73659,"comment_status":"open","ping_status":"open","sticky":false,"template":"","format":"standard","meta":{"_monsterinsights_skip_tracking":false,"_monsterinsights_sitenote_active":false,"_monsterinsights_sitenote_note":"","_monsterinsights_sitenote_category":0,"footnotes":""},"categories":[159],"tags":[6461,4512,550],"class_list":["post-73658","post","type-post","status-publish","format-standard","has-post-thumbnail","hentry","category-deportes","tag-mundial-de-qatar-2022","tag-rogelio-funes-mori","tag-zague","wp-image-borders"],"amp_enabled":true,"_links":{"self":[{"href":"https:\/\/nvnoticias.mx\/index.php\/wp-json\/wp\/v2\/posts\/73658","targetHints":{"allow":["GET"]}}],"collection":[{"href":"https:\/\/nvnoticias.mx\/index.php\/wp-json\/wp\/v2\/posts"}],"about":[{"href":"https:\/\/nvnoticias.mx\/index.php\/wp-json\/wp\/v2\/types\/post"}],"author":[{"embeddable":true,"href":"https:\/\/nvnoticias.mx\/index.php\/wp-json\/wp\/v2\/users\/8"}],"replies":[{"embeddable":true,"href":"https:\/\/nvnoticias.mx\/index.php\/wp-json\/wp\/v2\/comments?post=73658"}],"version-history":[{"count":1,"href":"https:\/\/nvnoticias.mx\/index.php\/wp-json\/wp\/v2\/posts\/73658\/revisions"}],"predecessor-version":[{"id":73660,"href":"https:\/\/nvnoticias.mx\/index.php\/wp-json\/wp\/v2\/posts\/73658\/revisions\/73660"}],"wp:featuredmedia":[{"embeddable":true,"href":"https:\/\/nvnoticias.mx\/index.php\/wp-json\/wp\/v2\/media\/73659"}],"wp:attachment":[{"href":"https:\/\/nvnoticias.mx\/index.php\/wp-json\/wp\/v2\/media?parent=73658"}],"wp:term":[{"taxonomy":"category","embeddable":true,"href":"https:\/\/nvnoticias.mx\/index.php\/wp-json\/wp\/v2\/categories?post=73658"},{"taxonomy":"post_tag","embeddable":true,"href":"https:\/\/nvnoticias.mx\/index.php\/wp-json\/wp\/v2\/tags?post=73658"}],"curies":[{"name":"wp","href":"https:\/\/api.w.org\/{rel}","templated":true}]}}