{"id":73655,"date":"2022-09-10T17:15:38","date_gmt":"2022-09-10T22:15:38","guid":{"rendered":"https:\/\/nvnoticias.mx\/?p=73655"},"modified":"2022-09-10T17:57:35","modified_gmt":"2022-09-10T22:57:35","slug":"ricardo-monreal-asegura-que-se-presentara-como-candidato-a-la-presidencia","status":"publish","type":"post","link":"https:\/\/nvnoticias.mx\/index.php\/2022\/09\/10\/ricardo-monreal-asegura-que-se-presentara-como-candidato-a-la-presidencia\/","title":{"rendered":"Ricardo Monreal asegura que se presentar\u00e1 como candidato a la Presidencia"},"content":{"rendered":"\n<p>A pesar del enfrentamiento que tuvo el senador Ricardo Monreal con el presidente Andr\u00e9s Manuel L\u00f3pez Obrador despu\u00e9s de que votara en abstenci\u00f3n para la reforma que pasa la Guardia Nacional a la Sedena, el senador sigue con eventos pol\u00edticos en la contienda a la Presidencia de la Rep\u00fablica para 2024 y asegur\u00f3 que, llegado el momento, aparecer\u00e1 su nombre en la boleta. <\/p>\n\n\n\n<blockquote class=\"wp-block-quote is-layout-flow wp-block-quote-is-layout-flow\"><p>&#8220;<em>Decirle a la gente de la Ciudad de M\u00e9xico que, una vez que lleguen los tiempos formales, les informo voy a inscribirme como aspirante a suceder al Presidente<\/em>&#8220;, y detall\u00f3 que su intenci\u00f3n es ser el candidato de Morena, a pesar de no ser una de las corcholatas&nbsp;presidenciales, pues, dijo, &#8220;<em>aqu\u00ed nadie se raja<\/em>&#8220;. <\/p><\/blockquote>\n\n\n\n<p>Este s\u00e1bado realiz\u00f3 todo un mitin para la presentaci\u00f3n de su libro en el Monumento a la Madre y antes pas\u00f3 al Monumento a la Revoluci\u00f3n &#8220;a saludar a sus amigos&#8221;. <\/p>\n\n\n\n<p>Frente a cientos de personas y gritos de: &#8220;\u00a1Presidente!&#8221;, Monreal asegur\u00f3 que seguir\u00e1 caminando junto a L\u00f3pez Obrador, como desde hace 25 a\u00f1os, hasta &#8220;el limite de las fuerzas y dignidad&#8221;. <\/p>\n\n\n\n<p>Dijo que no se confrontar\u00eda con el Presidente y lo reconoci\u00f3 como el dirigente m\u00e1s importante que ha tenido M\u00e9xico en los \u00faltimos a\u00f1os, pero &#8220;por fortuna \u00e9l no estar\u00e1 en las boletas y el movimiento es amplio, libre y democr\u00e1tico&#8221; y vencer\u00e1 a las &#8216;corcholatas&#8217; en su momento con la &#8220;buena forma de hacer pol\u00edtica&#8221;. <\/p>\n\n\n\n<p>En dicho acto, el senador estuvo acompa\u00f1ado de Gibr\u00e1n Ram\u00edrez y otros morenistas, pero en los carteles y pancartas s\u00f3lo se ve\u00eda el apoyo de los ahora llamados &#8220;monrealistas&#8221;, que hasta peluches del senador ten\u00edan, el cual recuerda al mismo que utilizaban los simpatizantes de L\u00f3pez Obrador en 2018 rumbo a la Presidencia. <\/p>\n\n\n\n<p>En su evento, el legislador evit\u00f3 hablar de los enfrentamientos que tuvo con el Presidente. <\/p>\n\n\n\n<figure class=\"wp-block-embed aligncenter is-type-rich is-provider-twitter wp-block-embed-twitter\"><div class=\"wp-block-embed__wrapper\">\n<blockquote class=\"twitter-tweet\" data-width=\"550\" data-dnt=\"true\"><p lang=\"es\" dir=\"ltr\">La alta temperatura no impidi\u00f3 que nos reuni\u00e9ramos en la plaza p\u00fablica del Monumento a la Madre. Resistimos. Muchas gracias a las y los vecinos de esta gran Ciudad de M\u00e9xico. Cuando llegue el tiempo legal, nos inscribiremos para estar en las boletas de la elecci\u00f3n presidencial. <a href=\"https:\/\/t.co\/NsZfJf5iDd\">pic.twitter.com\/NsZfJf5iDd<\/a><\/p>&mdash; Ricardo Monreal A. (@RicardoMonrealA) <a href=\"https:\/\/twitter.com\/RicardoMonrealA\/status\/1568670674620747777?ref_src=twsrc%5Etfw\">September 10, 2022<\/a><\/blockquote><script async src=\"https:\/\/platform.twitter.com\/widgets.js\" charset=\"utf-8\"><\/script>\n<\/div><\/figure>\n\n\n\n<p>El senador Ricardo Monreal \u00c1vila sostiene su intenci\u00f3n de suceder al presidente Andr\u00e9s Manuel L\u00f3pez Obrador, por lo que, una vez que lleguen los tiempos formales, se inscribir\u00e1 en el proceso interno para ser el candidato de Morena a la Presidencia de la Rep\u00fablica de 2024.<\/p>\n\n\n\n<p>Durante la presentaci\u00f3n de su libro \u201cLas grandes reformas para el cambio de r\u00e9gimen, en el Monumento a la Madre, Monreal \u00c1vila expres\u00f3 que \u201cni nos vamos a dejar, ni nos vamos a rajar\u201d, por lo que seguir\u00e1 adelante con este prop\u00f3sito. <\/p>\n\n\n\n<p>Asegur\u00f3 que derrotar\u00e1, por la buena y con pol\u00edtica de la buena, a los dem\u00e1s aspirantes del partido, y que se convertir\u00e1 en el presidente de la reconciliaci\u00f3n nacional. <\/p>\n\n\n\n<p>Ante una plaza abarrotada, a la que asistieron organizaciones de comerciantes, locatarios de los mercados, vecinos de la alcald\u00eda Cuauht\u00e9moc, tianguistas, profesionistas, trabajadores y deportistas, el legislador afirm\u00f3 que, en su momento, iniciar\u00e1n una batalla hist\u00f3rica por un M\u00e9xico moderno y progresista. <\/p>\n\n\n\n<p>Adem\u00e1s, insisti\u00f3 en que nunca se confrontar\u00e1 con el Presidente de la Rep\u00fablica, a quien reconoce como el dirigente social m\u00e1s importante que ha tenido M\u00e9xico en los \u00faltimos a\u00f1os. <\/p>\n\n\n\n<p>Fuente: <a href=\"https:\/\/www.milenio.com\/politica\/monreal-asegura-que-se-presentara-como-candidato-a-la-presidencia\">Milenio<\/a><\/p>\n","protected":false},"excerpt":{"rendered":"<p>A pesar del enfrentamiento que tuvo el senador Ricardo Monreal con el presidente Andr\u00e9s Manuel L\u00f3pez Obrador despu\u00e9s de que votara en abstenci\u00f3n para la reforma que pasa la Guardia Nacional a la Sedena, el senador sigue con eventos pol\u00edticos en la contienda a la Presidencia de la Rep\u00fablica para 2024 y asegur\u00f3 que, llegado [&hellip;]<\/p>\n","protected":false},"author":8,"featured_media":73656,"comment_status":"open","ping_status":"open","sticky":false,"template":"","format":"standard","meta":{"_monsterinsights_skip_tracking":false,"_monsterinsights_sitenote_active":false,"_monsterinsights_sitenote_note":"","_monsterinsights_sitenote_category":0,"footnotes":""},"categories":[158],"tags":[2023,1058,600],"class_list":["post-73655","post","type-post","status-publish","format-standard","has-post-thumbnail","hentry","category-politica","tag-candidato","tag-presidencia","tag-ricardo-monreal","wp-image-borders"],"amp_enabled":true,"_links":{"self":[{"href":"https:\/\/nvnoticias.mx\/index.php\/wp-json\/wp\/v2\/posts\/73655","targetHints":{"allow":["GET"]}}],"collection":[{"href":"https:\/\/nvnoticias.mx\/index.php\/wp-json\/wp\/v2\/posts"}],"about":[{"href":"https:\/\/nvnoticias.mx\/index.php\/wp-json\/wp\/v2\/types\/post"}],"author":[{"embeddable":true,"href":"https:\/\/nvnoticias.mx\/index.php\/wp-json\/wp\/v2\/users\/8"}],"replies":[{"embeddable":true,"href":"https:\/\/nvnoticias.mx\/index.php\/wp-json\/wp\/v2\/comments?post=73655"}],"version-history":[{"count":2,"href":"https:\/\/nvnoticias.mx\/index.php\/wp-json\/wp\/v2\/posts\/73655\/revisions"}],"predecessor-version":[{"id":73668,"href":"https:\/\/nvnoticias.mx\/index.php\/wp-json\/wp\/v2\/posts\/73655\/revisions\/73668"}],"wp:featuredmedia":[{"embeddable":true,"href":"https:\/\/nvnoticias.mx\/index.php\/wp-json\/wp\/v2\/media\/73656"}],"wp:attachment":[{"href":"https:\/\/nvnoticias.mx\/index.php\/wp-json\/wp\/v2\/media?parent=73655"}],"wp:term":[{"taxonomy":"category","embeddable":true,"href":"https:\/\/nvnoticias.mx\/index.php\/wp-json\/wp\/v2\/categories?post=73655"},{"taxonomy":"post_tag","embeddable":true,"href":"https:\/\/nvnoticias.mx\/index.php\/wp-json\/wp\/v2\/tags?post=73655"}],"curies":[{"name":"wp","href":"https:\/\/api.w.org\/{rel}","templated":true}]}}