{"id":73646,"date":"2022-09-10T16:50:34","date_gmt":"2022-09-10T21:50:34","guid":{"rendered":"https:\/\/nvnoticias.mx\/?p=73646"},"modified":"2022-09-10T16:50:35","modified_gmt":"2022-09-10T21:50:35","slug":"militantes-del-pri-buscan-adelantar-cambio-en-dirigencia-nacional-osorio-chong","status":"publish","type":"post","link":"https:\/\/nvnoticias.mx\/index.php\/2022\/09\/10\/militantes-del-pri-buscan-adelantar-cambio-en-dirigencia-nacional-osorio-chong\/","title":{"rendered":"Militantes del PRI buscan adelantar cambio en dirigencia nacional: Osorio Chong"},"content":{"rendered":"\n<p>En Quer\u00e9taro, el senador del Partido Revolucionario Institucional (PRI), Miguel \u00c1ngel Osorio Chong dio a conocer que en\u00a0los pr\u00f3ximos d\u00edas un grupo de priistas pedir\u00e1n\u00a0adelantar la salida del dirigente nacional del partido, Alejandro Moreno C\u00e1rdenas.<\/p>\n\n\n\n<p>Esto luego de la\u00a0ruptura temporal de la alianza Va por M\u00e9xico\u00a0que se dio despu\u00e9s de que el dirigente pri\u00edsta Alejandro Moreno \u201cfalt\u00f3 a su palabra\u2019&#8217;,\u00a0debido a su decisi\u00f3n de apoyar el proyecto de militarizaci\u00f3n de la Guardia Nacional.<\/p>\n\n\n\n<p>Osorio Chong, coordinador de la bancada del PRI en el Senado de la Rep\u00fablica, dijo que es por ello que se pedir\u00e1 al Comit\u00e9 Ejecutivo Nacional priista que se\u00a0adelanten elecciones para la renovaci\u00f3n de la dirigencia.<\/p>\n\n\n\n<p>Record\u00f3 que el periodo de\u00a0Alejandro Moreno concluye en agosto del pr\u00f3ximo a\u00f1o, adem\u00e1s de que cuenta con la posibilidad de prorrogar por tres meses m\u00e1s.<\/p>\n\n\n\n<blockquote class=\"wp-block-quote is-layout-flow wp-block-quote-is-layout-flow\"><p>\u201d<em>Vamos a pedirlo con seriedad, con oficio en las pr\u00f3ximas semanas, ya sabemos su contestaci\u00f3n, pero lo queremos es que legalmente con la obligaci\u00f3n de los estatutos puede llamarse a elecciones en agosto para la renovaci\u00f3n, si es que no quiere salirse ahora<\/em>\u201d, indic\u00f3.<\/p><\/blockquote>\n\n\n\n<p>Entrevistado luego de asistir como uno de los invitados especiales al primer informe del gobernador de Quer\u00e9taro, el panista Mauricio Kuri Gonz\u00e1lez, el senador Miguel \u00c1ngel Osorio insisti\u00f3 que\u00a0Alejandro Moreno le est\u00e1 haciendo mucho da\u00f1o al PRI.<\/p>\n\n\n\n<p>\u201dHe insistido que debe de salir (del partido) para no lastimarlo\u2026he dicho: sal, renuncia, deja pasar otra dirigencia para que con mayor fortaleza\u00a0se pueda hacer una alianza para el 2023 y el 2024.\u201dDesafortunadamente hay complicaciones dentro del PRI, hay diferencias, lo he venido diciendo en los \u00faltimos meses, y los resultados que se han dado en los \u00faltimos dos a\u00f1os han sido p\u00e9simos, y a esto le suman el desprestigio personal, yo no quiero que arrastre a mi partido\u201d, enfatiz\u00f3 Osorio Chong.<\/p>\n\n\n\n<p>El ex Secretario de Gobernaci\u00f3n en el sexenio de Enrique Pe\u00f1a Nieto, consider\u00f3 que\u00a0la alianza Va por M\u00e9xico (PAN, PRI y PRD), debe continuar como contrapeso del actual gobierno.<\/p>\n\n\n\n<p>Fuente: <a href=\"https:\/\/www.elfinanciero.com.mx\/estados\/2022\/09\/10\/priistas-pisaran-acelerador-para-adelantar-salida-de-alito-moreno-del-partido\/\">El Financiero<\/a><\/p>\n","protected":false},"excerpt":{"rendered":"<p>En Quer\u00e9taro, el senador del Partido Revolucionario Institucional (PRI), Miguel \u00c1ngel Osorio Chong dio a conocer que en\u00a0los pr\u00f3ximos d\u00edas un grupo de priistas pedir\u00e1n\u00a0adelantar la salida del dirigente nacional del partido, Alejandro Moreno C\u00e1rdenas. Esto luego de la\u00a0ruptura temporal de la alianza Va por M\u00e9xico\u00a0que se dio despu\u00e9s de que el dirigente pri\u00edsta Alejandro [&hellip;]<\/p>\n","protected":false},"author":8,"featured_media":73647,"comment_status":"open","ping_status":"open","sticky":false,"template":"","format":"standard","meta":{"_monsterinsights_skip_tracking":false,"_monsterinsights_sitenote_active":false,"_monsterinsights_sitenote_note":"","_monsterinsights_sitenote_category":0,"footnotes":""},"categories":[158],"tags":[16779,1209,3625,162,208],"class_list":["post-73646","post","type-post","status-publish","format-standard","has-post-thumbnail","hentry","category-politica","tag-alito-moreno","tag-militantes","tag-osorio-chong","tag-portada","tag-pri","wp-image-borders"],"amp_enabled":true,"_links":{"self":[{"href":"https:\/\/nvnoticias.mx\/index.php\/wp-json\/wp\/v2\/posts\/73646","targetHints":{"allow":["GET"]}}],"collection":[{"href":"https:\/\/nvnoticias.mx\/index.php\/wp-json\/wp\/v2\/posts"}],"about":[{"href":"https:\/\/nvnoticias.mx\/index.php\/wp-json\/wp\/v2\/types\/post"}],"author":[{"embeddable":true,"href":"https:\/\/nvnoticias.mx\/index.php\/wp-json\/wp\/v2\/users\/8"}],"replies":[{"embeddable":true,"href":"https:\/\/nvnoticias.mx\/index.php\/wp-json\/wp\/v2\/comments?post=73646"}],"version-history":[{"count":1,"href":"https:\/\/nvnoticias.mx\/index.php\/wp-json\/wp\/v2\/posts\/73646\/revisions"}],"predecessor-version":[{"id":73648,"href":"https:\/\/nvnoticias.mx\/index.php\/wp-json\/wp\/v2\/posts\/73646\/revisions\/73648"}],"wp:featuredmedia":[{"embeddable":true,"href":"https:\/\/nvnoticias.mx\/index.php\/wp-json\/wp\/v2\/media\/73647"}],"wp:attachment":[{"href":"https:\/\/nvnoticias.mx\/index.php\/wp-json\/wp\/v2\/media?parent=73646"}],"wp:term":[{"taxonomy":"category","embeddable":true,"href":"https:\/\/nvnoticias.mx\/index.php\/wp-json\/wp\/v2\/categories?post=73646"},{"taxonomy":"post_tag","embeddable":true,"href":"https:\/\/nvnoticias.mx\/index.php\/wp-json\/wp\/v2\/tags?post=73646"}],"curies":[{"name":"wp","href":"https:\/\/api.w.org\/{rel}","templated":true}]}}