{"id":73600,"date":"2022-09-10T12:35:59","date_gmt":"2022-09-10T17:35:59","guid":{"rendered":"https:\/\/nvnoticias.mx\/?p=73600"},"modified":"2022-09-10T12:35:59","modified_gmt":"2022-09-10T17:35:59","slug":"aumenta-de-articulos-patrios-en-veracruz","status":"publish","type":"post","link":"https:\/\/nvnoticias.mx\/index.php\/2022\/09\/10\/aumenta-de-articulos-patrios-en-veracruz\/","title":{"rendered":"Aumenta de art\u00edculos patrios en Veracruz"},"content":{"rendered":"\n<p><strong>Jes\u00fas Utrilla \/ NV Noticias<\/strong><\/p>\n\n\n\n<p>A partir de este fin de semana los vendedores de art\u00edculos alusivos a las fiestas patrias esperan mayores ventas por la cercan\u00eda del Grito de Independencia.<\/p>\n\n\n\n<p>In\u00e9s, comerciante de estos art\u00edculos, quien tiene supuesto en la zona de mercados, dijo que las ventas son mayores en relaci\u00f3n a los dos a\u00f1os anteriores.<\/p>\n\n\n\n<p>Esto debido de que las escuelas llevaron a cabo actividades que implicaron artesan\u00edas mexicanas.<\/p>\n\n\n\n<blockquote class=\"wp-block-quote is-layout-flow wp-block-quote-is-layout-flow\"><p>\u201c<em>Los precios subieron tanto para nosotros como para el cliente. Las ventas no son tan grandes pero ah\u00ed vamos. Los ni\u00f1os ya van a clases y la verdad s\u00ed estamos vendiendo<\/em>\u201d.<\/p><\/blockquote>\n\n\n\n<p>Dijo que aunque algunos productos han subido de precio, esperan mejores ventas y ganancias.<\/p>\n\n\n\n<p>Agreg\u00f3 que los productos m\u00e1s vendidos son rehiletes, medallones, campanas, faroles, chiles, sombreros, guitarras, aretes, prendedores y guitarras.<\/p>\n\n\n\n<p>Puntualiz\u00f3 que conforme se acerquen los festejos habr\u00e1 m\u00e1s ventas ya que la gente seguramente se reunir\u00e1 con su familia o amigos a festejar el 15 de septiembre por la noche.<\/p>\n\n\n\n<p>Reitero que las ventas de este a\u00f1o son mejores en comparaci\u00f3n a los dos anteriores.<\/p>\n\n\n\n<p>Llam\u00f3 a optar por las artesan\u00edas mexicanas en lugar de los productos chinos ya que las primeras tienen mayor calidad y contribuyen a reactivar la econom\u00eda.<\/p>\n","protected":false},"excerpt":{"rendered":"<p>Jes\u00fas Utrilla \/ NV Noticias A partir de este fin de semana los vendedores de art\u00edculos alusivos a las fiestas patrias esperan mayores ventas por la cercan\u00eda del Grito de Independencia. In\u00e9s, comerciante de estos art\u00edculos, quien tiene supuesto en la zona de mercados, dijo que las ventas son mayores en relaci\u00f3n a los dos [&hellip;]<\/p>\n","protected":false},"author":8,"featured_media":73602,"comment_status":"open","ping_status":"open","sticky":false,"template":"","format":"standard","meta":{"_monsterinsights_skip_tracking":false,"_monsterinsights_sitenote_active":false,"_monsterinsights_sitenote_note":"","_monsterinsights_sitenote_category":0,"footnotes":""},"categories":[154],"tags":[17945,3898,5848],"class_list":["post-73600","post","type-post","status-publish","format-standard","has-post-thumbnail","hentry","category-veracruz","tag-15-de-septiembre","tag-articulos","tag-grito-de-independencia","wp-image-borders"],"amp_enabled":true,"_links":{"self":[{"href":"https:\/\/nvnoticias.mx\/index.php\/wp-json\/wp\/v2\/posts\/73600","targetHints":{"allow":["GET"]}}],"collection":[{"href":"https:\/\/nvnoticias.mx\/index.php\/wp-json\/wp\/v2\/posts"}],"about":[{"href":"https:\/\/nvnoticias.mx\/index.php\/wp-json\/wp\/v2\/types\/post"}],"author":[{"embeddable":true,"href":"https:\/\/nvnoticias.mx\/index.php\/wp-json\/wp\/v2\/users\/8"}],"replies":[{"embeddable":true,"href":"https:\/\/nvnoticias.mx\/index.php\/wp-json\/wp\/v2\/comments?post=73600"}],"version-history":[{"count":1,"href":"https:\/\/nvnoticias.mx\/index.php\/wp-json\/wp\/v2\/posts\/73600\/revisions"}],"predecessor-version":[{"id":73603,"href":"https:\/\/nvnoticias.mx\/index.php\/wp-json\/wp\/v2\/posts\/73600\/revisions\/73603"}],"wp:featuredmedia":[{"embeddable":true,"href":"https:\/\/nvnoticias.mx\/index.php\/wp-json\/wp\/v2\/media\/73602"}],"wp:attachment":[{"href":"https:\/\/nvnoticias.mx\/index.php\/wp-json\/wp\/v2\/media?parent=73600"}],"wp:term":[{"taxonomy":"category","embeddable":true,"href":"https:\/\/nvnoticias.mx\/index.php\/wp-json\/wp\/v2\/categories?post=73600"},{"taxonomy":"post_tag","embeddable":true,"href":"https:\/\/nvnoticias.mx\/index.php\/wp-json\/wp\/v2\/tags?post=73600"}],"curies":[{"name":"wp","href":"https:\/\/api.w.org\/{rel}","templated":true}]}}