{"id":73592,"date":"2022-09-10T12:15:12","date_gmt":"2022-09-10T17:15:12","guid":{"rendered":"https:\/\/nvnoticias.mx\/?p=73592"},"modified":"2022-09-10T12:15:13","modified_gmt":"2022-09-10T17:15:13","slug":"carlos-iii-pidio-al-principe-enrique-no-llevar-a-su-esposa-a-balmoral-tras-muerte-de-la-reina","status":"publish","type":"post","link":"https:\/\/nvnoticias.mx\/index.php\/2022\/09\/10\/carlos-iii-pidio-al-principe-enrique-no-llevar-a-su-esposa-a-balmoral-tras-muerte-de-la-reina\/","title":{"rendered":"Carlos III pidi\u00f3 al pr\u00edncipe Enrique no llevar a su esposa a Balmoral tras muerte de la reina"},"content":{"rendered":"\n<p>Tras\u00a0la muerte de Isabel II el pasado jueves, Carlos III le dijo al pr\u00edncipe Enrique que no llevara a su esposa, Meghan Markle, al castillo de Balmoral mientras \u00e9l y otros miembros de la realeza estaban al lado de la reina, de acuerdo con el diario The Sun. <\/p>\n\n\n\n<blockquote class=\"wp-block-quote is-layout-flow wp-block-quote-is-layout-flow\"><p>&#8220;<em>Carlos le dijo a Enrique que no era correcto ni apropiado que Meghan estuviera en Balmoral en un momento tan profundamente triste<\/em>&#8220;, aseguraba una fuente al peri\u00f3dico. <\/p><\/blockquote>\n\n\n\n<blockquote class=\"wp-block-quote is-layout-flow wp-block-quote-is-layout-flow\"><p>&#8220;<em>Se le advirti\u00f3 que Catalina no ir\u00eda y que las personas que acudieran realmente deber\u00edan limitarse a la familia m\u00e1s cercana<\/em>&#8220;, a\u00f1ad\u00eda la fuente. &#8220;<em>Carlos dej\u00f3 muy, muy claro que Meghan no ser\u00eda bienvenida<\/em>&#8220;, sentenciaba. <\/p><\/blockquote>\n\n\n\n<p>La pol\u00e9mica ronda a la familia real. Durante el mes de junio, los duques de Sussex, Meghan y Enrique, viajaban a Londres para el jubileo de Isabel II, quien cumpl\u00eda 70 a\u00f1os en el trono.\u00a0 <\/p>\n\n\n\n<p>Ah\u00ed se les pudo ver m\u00e1s cercanos con la familia luego de romper en 2020 con todas las obligaciones que supone ser un miembro de la monarqu\u00eda brit\u00e1nica.\u00a0 <\/p>\n\n\n\n<p>Meghan y Harry decidieron trazar su l\u00ednea e irse a vivir a California, Estados Unidos, donde actualmente est\u00e1n criando a sus hijos, Archie y Lilibet. <\/p>\n\n\n\n<p>Fuente: <a href=\"https:\/\/www.milenio.com\/internacional\/carlos-iii-pidio-principe-enrique-esposa-balmoral\">Milenio<\/a><\/p>\n","protected":false},"excerpt":{"rendered":"<p>Tras\u00a0la muerte de Isabel II el pasado jueves, Carlos III le dijo al pr\u00edncipe Enrique que no llevara a su esposa, Meghan Markle, al castillo de Balmoral mientras \u00e9l y otros miembros de la realeza estaban al lado de la reina, de acuerdo con el diario The Sun. &#8220;Carlos le dijo a Enrique que no [&hellip;]<\/p>\n","protected":false},"author":8,"featured_media":73593,"comment_status":"open","ping_status":"open","sticky":false,"template":"","format":"standard","meta":{"_monsterinsights_skip_tracking":false,"_monsterinsights_sitenote_active":false,"_monsterinsights_sitenote_note":"","_monsterinsights_sitenote_category":0,"footnotes":""},"categories":[181],"tags":[88,1532,19139],"class_list":["post-73592","post","type-post","status-publish","format-standard","has-post-thumbnail","hentry","category-internacional","tag-meghan-markle","tag-principe-enrique","tag-rey-carlos-iii","wp-image-borders"],"amp_enabled":true,"_links":{"self":[{"href":"https:\/\/nvnoticias.mx\/index.php\/wp-json\/wp\/v2\/posts\/73592","targetHints":{"allow":["GET"]}}],"collection":[{"href":"https:\/\/nvnoticias.mx\/index.php\/wp-json\/wp\/v2\/posts"}],"about":[{"href":"https:\/\/nvnoticias.mx\/index.php\/wp-json\/wp\/v2\/types\/post"}],"author":[{"embeddable":true,"href":"https:\/\/nvnoticias.mx\/index.php\/wp-json\/wp\/v2\/users\/8"}],"replies":[{"embeddable":true,"href":"https:\/\/nvnoticias.mx\/index.php\/wp-json\/wp\/v2\/comments?post=73592"}],"version-history":[{"count":1,"href":"https:\/\/nvnoticias.mx\/index.php\/wp-json\/wp\/v2\/posts\/73592\/revisions"}],"predecessor-version":[{"id":73594,"href":"https:\/\/nvnoticias.mx\/index.php\/wp-json\/wp\/v2\/posts\/73592\/revisions\/73594"}],"wp:featuredmedia":[{"embeddable":true,"href":"https:\/\/nvnoticias.mx\/index.php\/wp-json\/wp\/v2\/media\/73593"}],"wp:attachment":[{"href":"https:\/\/nvnoticias.mx\/index.php\/wp-json\/wp\/v2\/media?parent=73592"}],"wp:term":[{"taxonomy":"category","embeddable":true,"href":"https:\/\/nvnoticias.mx\/index.php\/wp-json\/wp\/v2\/categories?post=73592"},{"taxonomy":"post_tag","embeddable":true,"href":"https:\/\/nvnoticias.mx\/index.php\/wp-json\/wp\/v2\/tags?post=73592"}],"curies":[{"name":"wp","href":"https:\/\/api.w.org\/{rel}","templated":true}]}}