{"id":73588,"date":"2022-09-10T11:51:20","date_gmt":"2022-09-10T16:51:20","guid":{"rendered":"https:\/\/nvnoticias.mx\/?p=73588"},"modified":"2022-09-10T11:51:21","modified_gmt":"2022-09-10T16:51:21","slug":"pan-asegura-que-paquete-economico-2023-solo-prioriza-obras-faraonicas","status":"publish","type":"post","link":"https:\/\/nvnoticias.mx\/index.php\/2022\/09\/10\/pan-asegura-que-paquete-economico-2023-solo-prioriza-obras-faraonicas\/","title":{"rendered":"PAN asegura que Paquete Econ\u00f3mico 2023 s\u00f3lo prioriza \u201cobras fara\u00f3nicas\u201d"},"content":{"rendered":"\n<p>El\u00a0Paquete Econ\u00f3mico Presupuestal\u00a0presentado ante el\u00a0Congreso de la Uni\u00f3n\u00a0por el Ejecutivo federal para 2023 es\u00a0desproporcional, no atiende a las necesidades m\u00e1s urgentes de los mexicanos en materia de salud y econom\u00eda y prioriza nuevamente\u00a0obras fara\u00f3nicas\u00a0de capricho como el\u00a0Tren Maya, asegur\u00f3 el diputado federal del\u00a0PAN, Luis Mendoza.<\/p>\n\n\n\n<blockquote class=\"wp-block-quote is-layout-flow wp-block-quote-is-layout-flow\"><p>\u201c<em>La propuesta es eliminar de un plumazo programas que podr\u00edan beneficiar a la gente como el de apoyo financiero a microempresas familiares de la Secretar\u00eda de Econom\u00eda, y el programa de Calidad en la atenci\u00f3n m\u00e9dica. El Presupuesto de AMLO es un atentado contra salud y econom\u00eda de los mexicanos, es evidente que la prioridad es otra<\/em>\u201d, dijo.<\/p><\/blockquote>\n\n\n\n<p>Argument\u00f3 que la Organizaci\u00f3n para la Cooperaci\u00f3n y Desarrollo Econ\u00f3micos (OCDE) ha destacado que el reto para M\u00e9xico es absorber el aumento inicial de la inactividad que se produjo en todos los pa\u00edses de la OCDE en 2020, cuando la pandemia desalent\u00f3 la b\u00fasqueda activa de empleo.<\/p>\n\n\n\n<blockquote class=\"wp-block-quote is-layout-flow wp-block-quote-is-layout-flow\"><p>\u201c<em>Por ello es importante continuar apoyando a los emprendedores, que ven en ello un medio para subsistir ante la crisis que vivimos, la falta de empleo que afecta principalmente a adultos mayores y j\u00f3venes que se enfrentan a la inexperiencia<\/em>\u201d, se\u00f1al\u00f3.<\/p><\/blockquote>\n\n\n\n<p>Dijo tambi\u00e9n que en el Paquete Econ\u00f3mico, la Secretar\u00eda de Econom\u00eda no cuenta con un programa y recursos destinado al fomento de los emprendedores. La \u00fanica promoci\u00f3n que plantea es la atracci\u00f3n de inversi\u00f3n extranjera directa, cuyos objetivos son, entre otros, la captaci\u00f3n de divisas e impulsar las exportaciones que no prev\u00e9n el apoyo a las micro, peque\u00f1as y medianas empresas.<br>\u00a0<br>Destac\u00f3 que para el Tren Maya se presupuesta otorgarle 80 mil 131 millones de pesos m\u00e1s que en 2022, es decir un aumento de 125%, para sumar en total 143 mil millones, pese a que en su ejecuci\u00f3n presenta inconsistencias t\u00e9cnicas, as\u00ed como falta de viabilidad econ\u00f3mica y financiera, aunado a problemas de impacto ambiental y una serie de litigios que intentan cancelarla.<\/p>\n\n\n\n<p>El legislador destac\u00f3 que solo el 6% del presupuesto que se pretende dar el pr\u00f3ximo a\u00f1o al Tren Maya es lo que se destina a 4 de los hospitales m\u00e1s importantes en la Ciudad de M\u00e9xico.<\/p>\n\n\n\n<p>Fuente: <a href=\"https:\/\/www.eluniversal.com.mx\/nacion\/pan-asegura-en-san-lazaro-que-paquete-economico-2023-solo-prioriza-obras-faraonicas\">El Universal<\/a><\/p>\n","protected":false},"excerpt":{"rendered":"<p>El\u00a0Paquete Econ\u00f3mico Presupuestal\u00a0presentado ante el\u00a0Congreso de la Uni\u00f3n\u00a0por el Ejecutivo federal para 2023 es\u00a0desproporcional, no atiende a las necesidades m\u00e1s urgentes de los mexicanos en materia de salud y econom\u00eda y prioriza nuevamente\u00a0obras fara\u00f3nicas\u00a0de capricho como el\u00a0Tren Maya, asegur\u00f3 el diputado federal del\u00a0PAN, Luis Mendoza. \u201cLa propuesta es eliminar de un plumazo programas que podr\u00edan [&hellip;]<\/p>\n","protected":false},"author":8,"featured_media":72377,"comment_status":"open","ping_status":"open","sticky":false,"template":"","format":"standard","meta":{"_monsterinsights_skip_tracking":false,"_monsterinsights_sitenote_active":false,"_monsterinsights_sitenote_note":"","_monsterinsights_sitenote_category":0,"footnotes":""},"categories":[158],"tags":[284,6017,4077],"class_list":["post-73588","post","type-post","status-publish","format-standard","has-post-thumbnail","hentry","category-politica","tag-pan","tag-paquete-economico","tag-san-lazaro","wp-image-borders"],"amp_enabled":true,"_links":{"self":[{"href":"https:\/\/nvnoticias.mx\/index.php\/wp-json\/wp\/v2\/posts\/73588","targetHints":{"allow":["GET"]}}],"collection":[{"href":"https:\/\/nvnoticias.mx\/index.php\/wp-json\/wp\/v2\/posts"}],"about":[{"href":"https:\/\/nvnoticias.mx\/index.php\/wp-json\/wp\/v2\/types\/post"}],"author":[{"embeddable":true,"href":"https:\/\/nvnoticias.mx\/index.php\/wp-json\/wp\/v2\/users\/8"}],"replies":[{"embeddable":true,"href":"https:\/\/nvnoticias.mx\/index.php\/wp-json\/wp\/v2\/comments?post=73588"}],"version-history":[{"count":1,"href":"https:\/\/nvnoticias.mx\/index.php\/wp-json\/wp\/v2\/posts\/73588\/revisions"}],"predecessor-version":[{"id":73589,"href":"https:\/\/nvnoticias.mx\/index.php\/wp-json\/wp\/v2\/posts\/73588\/revisions\/73589"}],"wp:featuredmedia":[{"embeddable":true,"href":"https:\/\/nvnoticias.mx\/index.php\/wp-json\/wp\/v2\/media\/72377"}],"wp:attachment":[{"href":"https:\/\/nvnoticias.mx\/index.php\/wp-json\/wp\/v2\/media?parent=73588"}],"wp:term":[{"taxonomy":"category","embeddable":true,"href":"https:\/\/nvnoticias.mx\/index.php\/wp-json\/wp\/v2\/categories?post=73588"},{"taxonomy":"post_tag","embeddable":true,"href":"https:\/\/nvnoticias.mx\/index.php\/wp-json\/wp\/v2\/tags?post=73588"}],"curies":[{"name":"wp","href":"https:\/\/api.w.org\/{rel}","templated":true}]}}