{"id":73569,"date":"2022-09-10T10:02:34","date_gmt":"2022-09-10T15:02:34","guid":{"rendered":"https:\/\/nvnoticias.mx\/?p=73569"},"modified":"2022-09-10T10:02:35","modified_gmt":"2022-09-10T15:02:35","slug":"disney-confirma-intensamente-2","status":"publish","type":"post","link":"https:\/\/nvnoticias.mx\/index.php\/2022\/09\/10\/disney-confirma-intensamente-2\/","title":{"rendered":"Disney confirma &#8216;Intensamente 2&#8217;"},"content":{"rendered":"\n<p>Pixar ha confirmado que Intensamente 2 est\u00e1 en proceso durante la D23 Expo de Disney. El evento se lleva a cabo actualmente en Anaheim, California, donde muchas pel\u00edculas nuevas y secuelas muy esperadas se est\u00e1n revelando. <\/p>\n\n\n\n<p>Amy Poehler de Parks And Recreation, quien interpret\u00f3 a Joy en Intensamente de 2015, hizo una aparici\u00f3n en el evento para compartir la noticia. Kesley Mann dirigir\u00e1 la nueva pel\u00edcula, mientras que Meg LeFauve escribir\u00e1 el gui\u00f3n y Mark Nielsen producir\u00e1. <\/p>\n\n\n\n<p>Seg\u00fan Poehler, Intensamente 2 se ambientar\u00e1 en la cabeza de Riley, que ahora es una adolescente, donde experimenta nuevas emociones. A\u00fan no se ha confirmado una fecha exacta de lanzamiento para la secuela de la querida pel\u00edcula, aunque se espera que sea en el verano de 2024. <\/p>\n\n\n\n<p>Intensamente, estrenada en 2015, se llev\u00f3 el Premio \u00d3scar a Mejor Pel\u00edcula Animada en la gala de 2016, por lo que esta segunda entrega se vuelve una de las cartas m\u00e1s importantes de Pixar para este pr\u00f3ximo 2024. <\/p>\n\n\n\n<p>Asimismo, en este evento se han anunciado diferentes t\u00edtulos que llegar\u00e1n a la pantalla grande como Mufasa: The Lion King, Desencantada, entre otros proyectos. <\/p>\n\n\n\n<figure class=\"wp-block-embed aligncenter is-type-rich is-provider-twitter wp-block-embed-twitter\"><div class=\"wp-block-embed__wrapper\">\n<blockquote class=\"twitter-tweet\" data-width=\"550\" data-dnt=\"true\"><p lang=\"es\" dir=\"ltr\">Todas las emociones en nuestra cabeza est\u00e1n pisando el bot\u00f3n de GRITAR DE LA ALEGR\u00cdA. <a href=\"https:\/\/twitter.com\/hashtag\/IntensaMente2?src=hash&amp;ref_src=twsrc%5Etfw\">#IntensaMente2<\/a>, dirigida por Kelsey Mann, llegar\u00e1 a los cines en 2024. <a href=\"https:\/\/twitter.com\/hashtag\/D23Expo?src=hash&amp;ref_src=twsrc%5Etfw\">#D23Expo<\/a> <a href=\"https:\/\/t.co\/f5mHfktvvo\">pic.twitter.com\/f5mHfktvvo<\/a><\/p>&mdash; Disney Studios LA (@DisneyStudiosLA) <a href=\"https:\/\/twitter.com\/DisneyStudiosLA\/status\/1568399156527648768?ref_src=twsrc%5Etfw\">September 10, 2022<\/a><\/blockquote><script async src=\"https:\/\/platform.twitter.com\/widgets.js\" charset=\"utf-8\"><\/script>\n<\/div><\/figure>\n\n\n\n<p>Fuente: <a href=\"https:\/\/www.milenio.com\/espectaculos\/espectaculos\/intensamente-2-ha-sido-confirmada-por-disney\">Milenio<\/a><\/p>\n","protected":false},"excerpt":{"rendered":"<p>Pixar ha confirmado que Intensamente 2 est\u00e1 en proceso durante la D23 Expo de Disney. El evento se lleva a cabo actualmente en Anaheim, California, donde muchas pel\u00edculas nuevas y secuelas muy esperadas se est\u00e1n revelando. Amy Poehler de Parks And Recreation, quien interpret\u00f3 a Joy en Intensamente de 2015, hizo una aparici\u00f3n en el [&hellip;]<\/p>\n","protected":false},"author":8,"featured_media":73570,"comment_status":"open","ping_status":"open","sticky":false,"template":"","format":"standard","meta":{"_monsterinsights_skip_tracking":false,"_monsterinsights_sitenote_active":false,"_monsterinsights_sitenote_note":"","_monsterinsights_sitenote_category":0,"footnotes":""},"categories":[576],"tags":[1488,19161],"class_list":["post-73569","post","type-post","status-publish","format-standard","has-post-thumbnail","hentry","category-ocio","tag-disney","tag-intensamente-2","wp-image-borders"],"amp_enabled":true,"_links":{"self":[{"href":"https:\/\/nvnoticias.mx\/index.php\/wp-json\/wp\/v2\/posts\/73569","targetHints":{"allow":["GET"]}}],"collection":[{"href":"https:\/\/nvnoticias.mx\/index.php\/wp-json\/wp\/v2\/posts"}],"about":[{"href":"https:\/\/nvnoticias.mx\/index.php\/wp-json\/wp\/v2\/types\/post"}],"author":[{"embeddable":true,"href":"https:\/\/nvnoticias.mx\/index.php\/wp-json\/wp\/v2\/users\/8"}],"replies":[{"embeddable":true,"href":"https:\/\/nvnoticias.mx\/index.php\/wp-json\/wp\/v2\/comments?post=73569"}],"version-history":[{"count":1,"href":"https:\/\/nvnoticias.mx\/index.php\/wp-json\/wp\/v2\/posts\/73569\/revisions"}],"predecessor-version":[{"id":73571,"href":"https:\/\/nvnoticias.mx\/index.php\/wp-json\/wp\/v2\/posts\/73569\/revisions\/73571"}],"wp:featuredmedia":[{"embeddable":true,"href":"https:\/\/nvnoticias.mx\/index.php\/wp-json\/wp\/v2\/media\/73570"}],"wp:attachment":[{"href":"https:\/\/nvnoticias.mx\/index.php\/wp-json\/wp\/v2\/media?parent=73569"}],"wp:term":[{"taxonomy":"category","embeddable":true,"href":"https:\/\/nvnoticias.mx\/index.php\/wp-json\/wp\/v2\/categories?post=73569"},{"taxonomy":"post_tag","embeddable":true,"href":"https:\/\/nvnoticias.mx\/index.php\/wp-json\/wp\/v2\/tags?post=73569"}],"curies":[{"name":"wp","href":"https:\/\/api.w.org\/{rel}","templated":true}]}}