{"id":73388,"date":"2022-09-08T16:31:41","date_gmt":"2022-09-08T21:31:41","guid":{"rendered":"https:\/\/nvnoticias.mx\/?p=73388"},"modified":"2022-09-08T16:33:50","modified_gmt":"2022-09-08T21:33:50","slug":"santiago-gimenez-anota-dos-goles-en-la-derrota-del-feyenoord-en-europa-league","status":"publish","type":"post","link":"https:\/\/nvnoticias.mx\/index.php\/2022\/09\/08\/santiago-gimenez-anota-dos-goles-en-la-derrota-del-feyenoord-en-europa-league\/","title":{"rendered":"Santiago Gim\u00e9nez anota dos goles en la derrota del Feyenoord en Europa League"},"content":{"rendered":"\n<p>Santiago Gim\u00e9nez\u00a0entr\u00f3 a la cancha al minuto 64\u00a0para ver consumado su sue\u00f1o en uno de los\u00a0torneos m\u00e1s\u00a0importantes a nivel mundial. El\u00a0canterano de Cruz Azul tuvo su debut oficial\u00a0en la\u00a0Europa League, pero para redondear la noche de ensue\u00f1o desde el\u00a0Viejo Continente, el delantero tambi\u00e9n se estren\u00f3 como\u00a0goleador con un doblete.<\/p>\n\n\n\n<p>Y es que, apenas a los\u00a0cinco minutos de haber pisado el terreno de juego,\u00a0en el Estadio Ol\u00edmpico de Roma, en el\u00a0duelo frente a la Lazio en la Jornada 1 de la Fase de Grupos del torneo continental, el\u00a0exgoleador cementero\u00a0fue derribado en el\u00a0\u00e1rea\u00a0tras recibir un golpe en la espinilla, por lo que de inmediato el\u00a0\u00e1rbitro decret\u00f3 la pena m\u00e1xima.<\/p>\n\n\n\n<p>Entonces, tal como lo hizo en su mejor momento con\u00a0Cruz Azul,\u00a0Santi Gim\u00e9nez tom\u00f3 la pelota,\u00a0la acomod\u00f3 en el\u00a0manch\u00f3n penal\u00a0y al\u00a0minuto 69 la mand\u00f3 a guardar con un potente zurdazo\u00a0que dej\u00f3 sin opciones al arquero de la\u00a0Lazio. El\u00a0Bebote\u00a0firm\u00f3 as\u00ed el gol del descuento por 4-1 ante el cuadro italiano.<\/p>\n\n\n\n<p>Por si fuera poco, y como prueba inequ\u00edvoca de que\u00a0Santi Gim\u00e9nez cambi\u00f3 el rumbo del encuentro\u00a0con su ingreso, como la\u00a0gran figura del Feyenoord en Roma, el\u00a0canterano celeste\u00a0lleg\u00f3 a\u00a0rematar una pelota\u00a0que hab\u00eda pegado en el travesa\u00f1o, para concretar as\u00ed su doblete al\u00a0minuto 88\u00a0y con ello acortar distancias con el\u00a04-2 definitivo.<\/p>\n\n\n\n<p>Desafortunadamente, a pesar de la mejor\u00eda evidente que mostr\u00f3 el\u00a0Feyenoord\u00a0con el ingreso del\u00a0mexicano de 21 a\u00f1os de edad, ya no le alcanz\u00f3 el tiempo para rescatar alg\u00fan punto del\u00a0Estadio Ol\u00edmpico ante el cuadro italiano, por lo que\u00a0sum\u00f3 su primera derrota en la Fase de Grupos de la Europa League, a la espera de reponerse en las siguientes jornadas.<\/p>\n\n\n\n<figure class=\"wp-block-embed aligncenter is-type-rich is-provider-twitter wp-block-embed-twitter\"><div class=\"wp-block-embed__wrapper\">\n<blockquote class=\"twitter-tweet\" data-width=\"550\" data-dnt=\"true\"><p lang=\"en\" dir=\"ltr\">????\ufe0f???????????? ???????? ????????????????????????????????????\u203c\ufe0f<br>????Santiago Gim\u00e9nez (2) \u23f1\ufe0f88&#39;<br>???????? Lazio 4\ufe0f\u20e3????2\ufe0f\u20e3 Feyenoord ????????<a href=\"https:\/\/twitter.com\/hashtag\/EuropaLeague?src=hash&amp;ref_src=twsrc%5Etfw\">#EuropaLeague<\/a> ???? <a href=\"https:\/\/twitter.com\/hashtag\/UEL?src=hash&amp;ref_src=twsrc%5Etfw\">#UEL<\/a><a href=\"https:\/\/t.co\/wBTpqfK3It\">pic.twitter.com\/wBTpqfK3It<\/a><\/p>&mdash; El Forastero (@ElForadeportivo) <a href=\"https:\/\/twitter.com\/ElForadeportivo\/status\/1567978903632756738?ref_src=twsrc%5Etfw\">September 8, 2022<\/a><\/blockquote><script async src=\"https:\/\/platform.twitter.com\/widgets.js\" charset=\"utf-8\"><\/script>\n<\/div><\/figure>\n\n\n\n<p>Fuente: <a href=\"https:\/\/vamoscruzazul.bolavip.com\/noticias\/VIDEO-Santi-Gimenez-firma-su-primer-gol-en-la-Europa-League-con-el-Feyenoord-20220908-0007.html?utm_medium=Social&amp;utm_source=Facebook&amp;fbclid=IwAR3XO9yDVseOk8e9Li-R_HI2pJb1ZCYuvWDkxtN7fShyfBkaI80o9VeeH_0#Echobox=1662672075\">Vamos Cruz Azul<\/a><\/p>\n","protected":false},"excerpt":{"rendered":"<p>Santiago Gim\u00e9nez\u00a0entr\u00f3 a la cancha al minuto 64\u00a0para ver consumado su sue\u00f1o en uno de los\u00a0torneos m\u00e1s\u00a0importantes a nivel mundial. El\u00a0canterano de Cruz Azul tuvo su debut oficial\u00a0en la\u00a0Europa League, pero para redondear la noche de ensue\u00f1o desde el\u00a0Viejo Continente, el delantero tambi\u00e9n se estren\u00f3 como\u00a0goleador con un doblete. Y es que, apenas a los\u00a0cinco [&hellip;]<\/p>\n","protected":false},"author":8,"featured_media":73389,"comment_status":"open","ping_status":"open","sticky":false,"template":"","format":"standard","meta":{"_monsterinsights_skip_tracking":false,"_monsterinsights_sitenote_active":false,"_monsterinsights_sitenote_note":"","_monsterinsights_sitenote_category":0,"footnotes":""},"categories":[159],"tags":[3479,17732,17699],"class_list":["post-73388","post","type-post","status-publish","format-standard","has-post-thumbnail","hentry","category-deportes","tag-europa-league","tag-feyenoord","tag-santiago-gimenez","wp-image-borders"],"amp_enabled":true,"_links":{"self":[{"href":"https:\/\/nvnoticias.mx\/index.php\/wp-json\/wp\/v2\/posts\/73388","targetHints":{"allow":["GET"]}}],"collection":[{"href":"https:\/\/nvnoticias.mx\/index.php\/wp-json\/wp\/v2\/posts"}],"about":[{"href":"https:\/\/nvnoticias.mx\/index.php\/wp-json\/wp\/v2\/types\/post"}],"author":[{"embeddable":true,"href":"https:\/\/nvnoticias.mx\/index.php\/wp-json\/wp\/v2\/users\/8"}],"replies":[{"embeddable":true,"href":"https:\/\/nvnoticias.mx\/index.php\/wp-json\/wp\/v2\/comments?post=73388"}],"version-history":[{"count":2,"href":"https:\/\/nvnoticias.mx\/index.php\/wp-json\/wp\/v2\/posts\/73388\/revisions"}],"predecessor-version":[{"id":73391,"href":"https:\/\/nvnoticias.mx\/index.php\/wp-json\/wp\/v2\/posts\/73388\/revisions\/73391"}],"wp:featuredmedia":[{"embeddable":true,"href":"https:\/\/nvnoticias.mx\/index.php\/wp-json\/wp\/v2\/media\/73389"}],"wp:attachment":[{"href":"https:\/\/nvnoticias.mx\/index.php\/wp-json\/wp\/v2\/media?parent=73388"}],"wp:term":[{"taxonomy":"category","embeddable":true,"href":"https:\/\/nvnoticias.mx\/index.php\/wp-json\/wp\/v2\/categories?post=73388"},{"taxonomy":"post_tag","embeddable":true,"href":"https:\/\/nvnoticias.mx\/index.php\/wp-json\/wp\/v2\/tags?post=73388"}],"curies":[{"name":"wp","href":"https:\/\/api.w.org\/{rel}","templated":true}]}}