{"id":73346,"date":"2022-09-08T13:47:29","date_gmt":"2022-09-08T18:47:29","guid":{"rendered":"https:\/\/nvnoticias.mx\/?p=73346"},"modified":"2022-09-08T13:47:30","modified_gmt":"2022-09-08T18:47:30","slug":"trabajadores-del-inah-veracruz-se-manifiestan-para-exigir-presupuesto-para-investigacion-y-restauracion","status":"publish","type":"post","link":"https:\/\/nvnoticias.mx\/index.php\/2022\/09\/08\/trabajadores-del-inah-veracruz-se-manifiestan-para-exigir-presupuesto-para-investigacion-y-restauracion\/","title":{"rendered":"Trabajadores del INAH Veracruz se manifiestan para exigir presupuesto para investigaci\u00f3n y restauraci\u00f3n"},"content":{"rendered":"\n<p><strong>Jes\u00fas Utrilla \/ NV Noticias<\/strong><\/p>\n\n\n\n<p>Trabajadores del Instituto Nacional de Antropolog\u00eda e Historia de Veracruz se manifestaron para solicitar mayores recursos para efectuar el trabajo cotidiano.<\/p>\n\n\n\n<p>David Morales G\u00f3mez, secretario de Organizaci\u00f3n del Comit\u00e9 Electo del Sindicato Nacional de Trabajadores del INAH, se\u00f1al\u00f3 que por falta de presupuesto no pueden llevar a cabo la operaci\u00f3n diaria.<\/p>\n\n\n\n<p>Se manifestaron para recriminar a la Secretar\u00eda de Hacienda que desde hace dos a\u00f1os no cuentan con recursos para la investigaci\u00f3n, restauraci\u00f3n, la conservaci\u00f3n, adem\u00e1s el pago de prestaciones laborales.<\/p>\n\n\n\n<blockquote class=\"wp-block-quote is-layout-flow wp-block-quote-is-layout-flow\"><p>\u201c<em>Nos deben uniformes y un mont\u00f3n de cosas atrasadas, los recorridos escalafonarios, recorridos de admisi\u00f3n, pero lo m\u00e1s importante es que no tenemos recursos para trabajar. Son dos a\u00f1os sin recursos y pareciera que solo hay para el tren maya que es donde se est\u00e1 trabajando<\/em>\u201d.<\/p><\/blockquote>\n\n\n\n<p>Acusaron que no se ha podido atender los salvamentos en todo el estado, tampoco se da mantenimiento en los 11 museos que tiene el INAH en el estado, ni a las zonas arqueol\u00f3gicas.<\/p>\n\n\n\n<p>Por la falta de recursos no se tienen proyectos de investigaci\u00f3n, restauraci\u00f3n o de salvamentos de ning\u00fan tipo.<br>Finalmente mencion\u00f3 que es posible que a finales de a\u00f1o reabra el Baluarte de Santiago.<\/p>\n","protected":false},"excerpt":{"rendered":"<p>Jes\u00fas Utrilla \/ NV Noticias Trabajadores del Instituto Nacional de Antropolog\u00eda e Historia de Veracruz se manifestaron para solicitar mayores recursos para efectuar el trabajo cotidiano. David Morales G\u00f3mez, secretario de Organizaci\u00f3n del Comit\u00e9 Electo del Sindicato Nacional de Trabajadores del INAH, se\u00f1al\u00f3 que por falta de presupuesto no pueden llevar a cabo la operaci\u00f3n [&hellip;]<\/p>\n","protected":false},"author":8,"featured_media":73347,"comment_status":"open","ping_status":"open","sticky":false,"template":"","format":"standard","meta":{"_monsterinsights_skip_tracking":false,"_monsterinsights_sitenote_active":false,"_monsterinsights_sitenote_note":"","_monsterinsights_sitenote_category":0,"footnotes":""},"categories":[154],"tags":[19108,11646],"class_list":["post-73346","post","type-post","status-publish","format-standard","has-post-thumbnail","hentry","category-veracruz","tag-inah-veracruz","tag-manifestcion","wp-image-borders"],"amp_enabled":true,"_links":{"self":[{"href":"https:\/\/nvnoticias.mx\/index.php\/wp-json\/wp\/v2\/posts\/73346","targetHints":{"allow":["GET"]}}],"collection":[{"href":"https:\/\/nvnoticias.mx\/index.php\/wp-json\/wp\/v2\/posts"}],"about":[{"href":"https:\/\/nvnoticias.mx\/index.php\/wp-json\/wp\/v2\/types\/post"}],"author":[{"embeddable":true,"href":"https:\/\/nvnoticias.mx\/index.php\/wp-json\/wp\/v2\/users\/8"}],"replies":[{"embeddable":true,"href":"https:\/\/nvnoticias.mx\/index.php\/wp-json\/wp\/v2\/comments?post=73346"}],"version-history":[{"count":1,"href":"https:\/\/nvnoticias.mx\/index.php\/wp-json\/wp\/v2\/posts\/73346\/revisions"}],"predecessor-version":[{"id":73348,"href":"https:\/\/nvnoticias.mx\/index.php\/wp-json\/wp\/v2\/posts\/73346\/revisions\/73348"}],"wp:featuredmedia":[{"embeddable":true,"href":"https:\/\/nvnoticias.mx\/index.php\/wp-json\/wp\/v2\/media\/73347"}],"wp:attachment":[{"href":"https:\/\/nvnoticias.mx\/index.php\/wp-json\/wp\/v2\/media?parent=73346"}],"wp:term":[{"taxonomy":"category","embeddable":true,"href":"https:\/\/nvnoticias.mx\/index.php\/wp-json\/wp\/v2\/categories?post=73346"},{"taxonomy":"post_tag","embeddable":true,"href":"https:\/\/nvnoticias.mx\/index.php\/wp-json\/wp\/v2\/tags?post=73346"}],"curies":[{"name":"wp","href":"https:\/\/api.w.org\/{rel}","templated":true}]}}