{"id":73336,"date":"2022-09-08T13:29:29","date_gmt":"2022-09-08T18:29:29","guid":{"rendered":"https:\/\/nvnoticias.mx\/?p=73336"},"modified":"2022-09-08T13:29:31","modified_gmt":"2022-09-08T18:29:31","slug":"multan-a-joven-con-casi-40-mil-pesos-por-tuit-racista-contra-mbappe","status":"publish","type":"post","link":"https:\/\/nvnoticias.mx\/index.php\/2022\/09\/08\/multan-a-joven-con-casi-40-mil-pesos-por-tuit-racista-contra-mbappe\/","title":{"rendered":"Multan a joven con casi 40 mil pesos por tuit racista contra Mbapp\u00e9"},"content":{"rendered":"\n<p>Un estudiante de 19 a\u00f1os, identificado como Karim C., ha sido condenado a 2 mil euros (unos 39 mil pesos) de multa -exentos de cumplimiento si no reincide- por un tuit de contenido racista proferido contra el internacional franc\u00e9s Kylian Mbapp\u00e9, a quien reproch\u00f3 haber fallado un penalti en la Eurocopa de junio de 2021. <\/p>\n\n\n\n<p>El Tribunal dictamin\u00f3 que el joven ha sido culpable por provocaci\u00f3n al odio racial y usurpaci\u00f3n de identidad, pues el mensaje injurioso lo profiri\u00f3 en una cuenta falsa de Twitter y usando la foto de otro internauta. <\/p>\n\n\n\n<blockquote class=\"wp-block-quote is-layout-flow wp-block-quote-is-layout-flow\"><p>&#8220;<em>Ese sucio negro merece que le den una centena de latigazos y le revendan en Libia<\/em>&#8220;, fue el mensaje de Karim C. que circul\u00f3 el 29 de junio de 2021, un d\u00eda despu\u00e9s de que Mbapp\u00e9 fallase el penalti decisivo ante Suiza que precipit\u00f3 la eliminaci\u00f3n de Francia en octavos de final. <\/p><\/blockquote>\n\n\n\n<p>El jugador del PSG, muy disgustado por esos insultos, present\u00f3 una denuncia, mientras varias ONG contra el racismo se presentaron como acusaci\u00f3n civil una vez abierta la investigaci\u00f3n el 30 de junio de 2021. <\/p>\n\n\n\n<p>Esa injuria racial, junto a otras semejantes, llevaron a Mbapp\u00e9 a plantearse su presencia en la selecci\u00f3n de Francia, en una crisis que acab\u00f3 por zanjarse unos meses m\u00e1s tarde despu\u00e9s de la intervenci\u00f3n del presidente de la Federaci\u00f3n Francesa de Futbol, No\u00ebl Le Gra\u00ebt. <\/p>\n\n\n\n<p>El condenado, que no ten\u00eda antecedentes judiciales y vive con sus padres en la regi\u00f3n de Par\u00eds, se arriesgaba hasta un a\u00f1o de prisi\u00f3n por su mensaje. <\/p>\n\n\n\n<p>El joven reconoci\u00f3 ser el autor del tuit, aunque asegur\u00f3 que su objetivo no era propagar la ira y s\u00ed &#8220;abrir los ojos&#8221; al problema del racismo, haciendo &#8220;un copia y pega&#8221; de discusiones en foros privados de internautas de extrema derecha. <\/p>\n\n\n\n<p>Fuente: <a href=\"https:\/\/www.milenio.com\/deportes\/futbol-internacional\/multan-joven-2-mil-euros-insulto-racista-mbappe\">Milenio<\/a><\/p>\n","protected":false},"excerpt":{"rendered":"<p>Un estudiante de 19 a\u00f1os, identificado como Karim C., ha sido condenado a 2 mil euros (unos 39 mil pesos) de multa -exentos de cumplimiento si no reincide- por un tuit de contenido racista proferido contra el internacional franc\u00e9s Kylian Mbapp\u00e9, a quien reproch\u00f3 haber fallado un penalti en la Eurocopa de junio de 2021. [&hellip;]<\/p>\n","protected":false},"author":8,"featured_media":66327,"comment_status":"open","ping_status":"open","sticky":false,"template":"","format":"standard","meta":{"_monsterinsights_skip_tracking":false,"_monsterinsights_sitenote_active":false,"_monsterinsights_sitenote_note":"","_monsterinsights_sitenote_category":0,"footnotes":""},"categories":[159],"tags":[15100,2632,5408],"class_list":["post-73336","post","type-post","status-publish","format-standard","has-post-thumbnail","hentry","category-deportes","tag-kylian-mbappe","tag-racismo","tag-tuit","wp-image-borders"],"amp_enabled":true,"_links":{"self":[{"href":"https:\/\/nvnoticias.mx\/index.php\/wp-json\/wp\/v2\/posts\/73336","targetHints":{"allow":["GET"]}}],"collection":[{"href":"https:\/\/nvnoticias.mx\/index.php\/wp-json\/wp\/v2\/posts"}],"about":[{"href":"https:\/\/nvnoticias.mx\/index.php\/wp-json\/wp\/v2\/types\/post"}],"author":[{"embeddable":true,"href":"https:\/\/nvnoticias.mx\/index.php\/wp-json\/wp\/v2\/users\/8"}],"replies":[{"embeddable":true,"href":"https:\/\/nvnoticias.mx\/index.php\/wp-json\/wp\/v2\/comments?post=73336"}],"version-history":[{"count":1,"href":"https:\/\/nvnoticias.mx\/index.php\/wp-json\/wp\/v2\/posts\/73336\/revisions"}],"predecessor-version":[{"id":73342,"href":"https:\/\/nvnoticias.mx\/index.php\/wp-json\/wp\/v2\/posts\/73336\/revisions\/73342"}],"wp:featuredmedia":[{"embeddable":true,"href":"https:\/\/nvnoticias.mx\/index.php\/wp-json\/wp\/v2\/media\/66327"}],"wp:attachment":[{"href":"https:\/\/nvnoticias.mx\/index.php\/wp-json\/wp\/v2\/media?parent=73336"}],"wp:term":[{"taxonomy":"category","embeddable":true,"href":"https:\/\/nvnoticias.mx\/index.php\/wp-json\/wp\/v2\/categories?post=73336"},{"taxonomy":"post_tag","embeddable":true,"href":"https:\/\/nvnoticias.mx\/index.php\/wp-json\/wp\/v2\/tags?post=73336"}],"curies":[{"name":"wp","href":"https:\/\/api.w.org\/{rel}","templated":true}]}}