{"id":73296,"date":"2022-09-08T11:39:30","date_gmt":"2022-09-08T16:39:30","guid":{"rendered":"https:\/\/nvnoticias.mx\/?p=73296"},"modified":"2022-09-08T11:39:31","modified_gmt":"2022-09-08T16:39:31","slug":"se-pone-amlo-patriotico-por-t-mec","status":"publish","type":"post","link":"https:\/\/nvnoticias.mx\/index.php\/2022\/09\/08\/se-pone-amlo-patriotico-por-t-mec\/","title":{"rendered":"Se pone AMLO \u2018patri\u00f3tico\u2019 por T-MEC"},"content":{"rendered":"\n<p>En medio de las\u00a0<strong>consultas de revisi\u00f3n al T-MEC<\/strong>\u00a0solicitadas por Estados Unidos, el presidente Andr\u00e9s Manuel L\u00f3pez Obrador reiter\u00f3 que\u00a0<strong>no permitir\u00e1 que se viole la<\/strong>\u00a0<strong>soberan\u00eda\u00a0<\/strong>e\u00a0<strong>independencia\u00a0<\/strong>de M\u00e9xico, en especial este mes patrio.<\/p>\n\n\n\n<p>Cuestionado sobre los amparos que han interpuesto<strong>\u00a0empresas internacionales\u00a0<\/strong>ante decisiones en materia\u00a0<strong>alimentaria\u00a0<\/strong>y\u00a0<strong>energ\u00e9tica<\/strong>, el mandatario mexicano afirm\u00f3 que se est\u00e1n atendiendo, pero que no\u00a0<strong>su administraci\u00f3n no ceder\u00e1<\/strong>, ya que nada puede estar por encina de la soberan\u00eda nacional.<\/p>\n\n\n\n<blockquote class=\"wp-block-quote is-layout-flow wp-block-quote-is-layout-flow\"><p>\u201c<strong>Ya tenemos una postura definida<\/strong>, no aceptamos el\u00a0<em>fracking<\/em>, no estamos dando concesiones para la miner\u00eda. Hay amparos, pero se est\u00e1n atendiendo.\u00a0<strong>Nosotros en eso no cedemos<\/strong>\u201d, dijo AMLO en Palacio Nacional.<\/p><\/blockquote>\n\n\n\n<blockquote class=\"wp-block-quote is-layout-flow wp-block-quote-is-layout-flow\"><p>\u201cEs lo mismo que con el Tratado (<strong>T-MEC<\/strong>), tenemos muy buena relaci\u00f3n, nos importa mucho el comercio con EU, pero cuando nos dicen que quieren modificar nuestras leyes les decimos \u2018<strong>no, eso no<\/strong>\u2019.\u00a0<strong>No hay nada, por importante que sea, aunque se trate de comercio, que pueda estar por encima de nuestra independencia<\/strong>\u00a0y lo digo en este mes: nosotros no vamos a permitir que se viole nuestra soberan\u00eda\u201d, sentenci\u00f3.<\/p><\/blockquote>\n\n\n\n<p>En este contexto, el titular del Ejecutivo confes\u00f3 que le extra\u00f1o el llamado a la consulta de revisi\u00f3n del T-MEC, porque el presidente Joe Biden \u201c<strong>ha actuado con mucho respecto<\/strong>\u201d.<\/p>\n\n\n\n<p>El<strong>\u00a0proceso de consultas entre M\u00e9xico, Estados Unidos y Canad\u00e1\u00a0<\/strong>por el reclamo de esos pa\u00edses sobre el\u00a0cumplimiento en materia energ\u00e9tica bajo el acuerdo comercial T-MEC, podr\u00eda ir m\u00e1s all\u00e1 de los\u00a0<strong>75 d\u00edas formales<\/strong>\u00a0-si hay avances-, afirm\u00f3 hace unos d\u00edas Tatiana Clouthier, secretaria de Econom\u00eda y llam\u00f3 que hay que darle tiempo al tema y<strong>\u00a0no magnificar las cosas<\/strong>.<\/p>\n\n\n\n<p>\u201cA veces le damos sentido a las cosas o las magnificamos con un lente en donde no ponemos las cosas en la perspectiva que habr\u00eda que ponerlas y decir, vamos a esperar a ver qu\u00e9 pasa\u201d, dijo sobre los procesos que se han levantado al amparo del\u00a0<strong>Cap\u00edtulo 31 del T-MEC sobre Soluci\u00f3n de Controversias\u00a0<\/strong>para\u00a0resolver desacuerdos entre pa\u00edses que han sido cuatro en dos a\u00f1os.<\/p>\n\n\n\n<p>Fuente: <a href=\"https:\/\/www.elfinanciero.com.mx\/nacional\/2022\/09\/08\/amlo-sobre-el-t-mec-no-vamos-a-permitir-que-se-viole-nuestra-soberania\/\" data-type=\"URL\" data-id=\"https:\/\/www.elfinanciero.com.mx\/nacional\/2022\/09\/08\/amlo-sobre-el-t-mec-no-vamos-a-permitir-que-se-viole-nuestra-soberania\/\">El Financiero<\/a><\/p>\n","protected":false},"excerpt":{"rendered":"<p>En medio de las\u00a0consultas de revisi\u00f3n al T-MEC\u00a0solicitadas por Estados Unidos, el presidente Andr\u00e9s Manuel L\u00f3pez Obrador reiter\u00f3 que\u00a0no permitir\u00e1 que se viole la\u00a0soberan\u00eda\u00a0e\u00a0independencia\u00a0de M\u00e9xico, en especial este mes patrio. Cuestionado sobre los amparos que han interpuesto\u00a0empresas internacionales\u00a0ante decisiones en materia\u00a0alimentaria\u00a0y\u00a0energ\u00e9tica, el mandatario mexicano afirm\u00f3 que se est\u00e1n atendiendo, pero que no\u00a0su administraci\u00f3n no ceder\u00e1, [&hellip;]<\/p>\n","protected":false},"author":35,"featured_media":64990,"comment_status":"open","ping_status":"open","sticky":false,"template":"","format":"standard","meta":{"_monsterinsights_skip_tracking":false,"_monsterinsights_sitenote_active":false,"_monsterinsights_sitenote_note":"","_monsterinsights_sitenote_category":0,"footnotes":""},"categories":[158],"tags":[188,19098,3163],"class_list":["post-73296","post","type-post","status-publish","format-standard","has-post-thumbnail","hentry","category-politica","tag-amlo","tag-patriotico","tag-t-mec","wp-image-borders"],"amp_enabled":true,"_links":{"self":[{"href":"https:\/\/nvnoticias.mx\/index.php\/wp-json\/wp\/v2\/posts\/73296","targetHints":{"allow":["GET"]}}],"collection":[{"href":"https:\/\/nvnoticias.mx\/index.php\/wp-json\/wp\/v2\/posts"}],"about":[{"href":"https:\/\/nvnoticias.mx\/index.php\/wp-json\/wp\/v2\/types\/post"}],"author":[{"embeddable":true,"href":"https:\/\/nvnoticias.mx\/index.php\/wp-json\/wp\/v2\/users\/35"}],"replies":[{"embeddable":true,"href":"https:\/\/nvnoticias.mx\/index.php\/wp-json\/wp\/v2\/comments?post=73296"}],"version-history":[{"count":1,"href":"https:\/\/nvnoticias.mx\/index.php\/wp-json\/wp\/v2\/posts\/73296\/revisions"}],"predecessor-version":[{"id":73297,"href":"https:\/\/nvnoticias.mx\/index.php\/wp-json\/wp\/v2\/posts\/73296\/revisions\/73297"}],"wp:featuredmedia":[{"embeddable":true,"href":"https:\/\/nvnoticias.mx\/index.php\/wp-json\/wp\/v2\/media\/64990"}],"wp:attachment":[{"href":"https:\/\/nvnoticias.mx\/index.php\/wp-json\/wp\/v2\/media?parent=73296"}],"wp:term":[{"taxonomy":"category","embeddable":true,"href":"https:\/\/nvnoticias.mx\/index.php\/wp-json\/wp\/v2\/categories?post=73296"},{"taxonomy":"post_tag","embeddable":true,"href":"https:\/\/nvnoticias.mx\/index.php\/wp-json\/wp\/v2\/tags?post=73296"}],"curies":[{"name":"wp","href":"https:\/\/api.w.org\/{rel}","templated":true}]}}