{"id":73254,"date":"2022-09-08T09:25:08","date_gmt":"2022-09-08T14:25:08","guid":{"rendered":"https:\/\/nvnoticias.mx\/?p=73254"},"modified":"2022-09-08T09:25:08","modified_gmt":"2022-09-08T14:25:08","slug":"alcanzo-inflacion-tasa-anual-de-8-7-en-agosto","status":"publish","type":"post","link":"https:\/\/nvnoticias.mx\/index.php\/2022\/09\/08\/alcanzo-inflacion-tasa-anual-de-8-7-en-agosto\/","title":{"rendered":"Alcanz\u00f3 inflaci\u00f3n tasa anual de 8.7% en agosto"},"content":{"rendered":"\n<p>En agosto de 2022, el \u00cdndice Nacional de Precios al Consumidor (INPC)\u00a0<strong>aument\u00f3 0.70 por ciento<\/strong>\u00a0respecto al mes anterior, generando que la\u00a0<strong>inflaci\u00f3n general anual se colocara en 8.70 por ciento<\/strong>, la m\u00e1s alta desde diciembre del a\u00f1o 2000, inform\u00f3 el Instituto Nacional de Estad\u00edstica y Geograf\u00eda\u00a0(Inegi).<\/p>\n\n\n\n<p>Los\u00a0<strong>productos y servicios<\/strong>\u00a0que en agosto presentaron<strong>\u00a0aumento en sus precios<\/strong>\u00a0y tuvieron mayor incidencia en la inflaci\u00f3n fueron: cebolla; servicios en\u00a0<strong>loncher\u00edas, fondas, torter\u00edas y taquer\u00edas; tortilla de ma\u00edz<\/strong>; papa y otros tub\u00e9rculos; vivienda propia; refrescos envasados; restaurantes y similares;\u00a0<strong>pan dulce; naranja<\/strong>; y otros alimentos cocinados.<\/p>\n\n\n\n<p>Esto se vio parcialmente contrarrestado por precios m\u00e1s bajos en el\u00a0<strong>aguacate, pollo, gas dom\u00e9stico LP, transporte a\u00e9reo<\/strong>, chayote, servicios tur\u00edsticos en paquete, huevo, pl\u00e1tanos, electricidad y en el cine.<\/p>\n\n\n\n<p>Al interior del INPC, el \u00edndice de precios subyacente (el que excluye precios de bienes y servicios m\u00e1s vol\u00e1tiles, como agropecuarios y energ\u00e9ticos, y que da una visi\u00f3n m\u00e1s clara de la tendencia de los precios en el mediano y largo plazo) registr\u00f3 un alza de 0.80 por ciento mensual y de 8.05 por ciento anual.<\/p>\n\n\n\n<p>La variaci\u00f3n anual es la m\u00e1s alta desde noviembre del a\u00f1o 2000 y presenta aumentos consecutivos desde diciembre de 2020.<\/p>\n\n\n\n<p>Al interior del \u00edndice subyacente, a tasa mensual, los precios de las mercanc\u00edas incrementaron 1.14 por ciento y los de servicios, 0.39 por ciento; a tasa anual, los aumentos fueron de 10.55 y 5.19 por ciento, respectivamente.<\/p>\n\n\n\n<p>Destaca que los precios de los alimentos, bebidas y tabaco registraron un crecimiento anual de 12.94 por ciento.<\/p>\n\n\n\n<p>El \u00edndice de precios no subyacente (incluye precios de agropecuarios y energ\u00e9ticos) aument\u00f3 0.39 por ciento a tasa mensual y 10.65 por ciento a tasa anual.<\/p>\n\n\n\n<p>Dentro del \u00edndice no subyacente, a tasa mensual, los precios de los productos agropecuarios subieron 0.98 por ciento, pero los de energ\u00e9ticos y tarifas autorizadas por el gobierno retrocedieron 0.11 por ciento.<\/p>\n\n\n\n<p>Fuente: <a href=\"https:\/\/amp.milenio.com\/negocios\/inflacion-genero-tasa-anual-8-7-durante-agosto-2022\" data-type=\"URL\" data-id=\"https:\/\/amp.milenio.com\/negocios\/inflacion-genero-tasa-anual-8-7-durante-agosto-2022\">Milenio<\/a><\/p>\n","protected":false},"excerpt":{"rendered":"<p>En agosto de 2022, el \u00cdndice Nacional de Precios al Consumidor (INPC)\u00a0aument\u00f3 0.70 por ciento\u00a0respecto al mes anterior, generando que la\u00a0inflaci\u00f3n general anual se colocara en 8.70 por ciento, la m\u00e1s alta desde diciembre del a\u00f1o 2000, inform\u00f3 el Instituto Nacional de Estad\u00edstica y Geograf\u00eda\u00a0(Inegi). Los\u00a0productos y servicios\u00a0que en agosto presentaron\u00a0aumento en sus precios\u00a0y tuvieron [&hellip;]<\/p>\n","protected":false},"author":35,"featured_media":31865,"comment_status":"open","ping_status":"open","sticky":false,"template":"","format":"standard","meta":{"_monsterinsights_skip_tracking":false,"_monsterinsights_sitenote_active":false,"_monsterinsights_sitenote_note":"","_monsterinsights_sitenote_category":0,"footnotes":""},"categories":[157],"tags":[3509,19078,2978,162,15160],"class_list":["post-73254","post","type-post","status-publish","format-standard","has-post-thumbnail","hentry","category-nacional","tag-agosto","tag-alcanzo","tag-inflacion","tag-portada","tag-tasa-anual","wp-image-borders"],"amp_enabled":true,"_links":{"self":[{"href":"https:\/\/nvnoticias.mx\/index.php\/wp-json\/wp\/v2\/posts\/73254","targetHints":{"allow":["GET"]}}],"collection":[{"href":"https:\/\/nvnoticias.mx\/index.php\/wp-json\/wp\/v2\/posts"}],"about":[{"href":"https:\/\/nvnoticias.mx\/index.php\/wp-json\/wp\/v2\/types\/post"}],"author":[{"embeddable":true,"href":"https:\/\/nvnoticias.mx\/index.php\/wp-json\/wp\/v2\/users\/35"}],"replies":[{"embeddable":true,"href":"https:\/\/nvnoticias.mx\/index.php\/wp-json\/wp\/v2\/comments?post=73254"}],"version-history":[{"count":1,"href":"https:\/\/nvnoticias.mx\/index.php\/wp-json\/wp\/v2\/posts\/73254\/revisions"}],"predecessor-version":[{"id":73255,"href":"https:\/\/nvnoticias.mx\/index.php\/wp-json\/wp\/v2\/posts\/73254\/revisions\/73255"}],"wp:featuredmedia":[{"embeddable":true,"href":"https:\/\/nvnoticias.mx\/index.php\/wp-json\/wp\/v2\/media\/31865"}],"wp:attachment":[{"href":"https:\/\/nvnoticias.mx\/index.php\/wp-json\/wp\/v2\/media?parent=73254"}],"wp:term":[{"taxonomy":"category","embeddable":true,"href":"https:\/\/nvnoticias.mx\/index.php\/wp-json\/wp\/v2\/categories?post=73254"},{"taxonomy":"post_tag","embeddable":true,"href":"https:\/\/nvnoticias.mx\/index.php\/wp-json\/wp\/v2\/tags?post=73254"}],"curies":[{"name":"wp","href":"https:\/\/api.w.org\/{rel}","templated":true}]}}