{"id":7324,"date":"2021-03-11T11:47:18","date_gmt":"2021-03-11T17:47:18","guid":{"rendered":"https:\/\/nvnoticias.mx\/?p=7324"},"modified":"2021-03-11T11:47:19","modified_gmt":"2021-03-11T17:47:19","slug":"apartan-lugar-con-12-horas-de-anticipacion","status":"publish","type":"post","link":"https:\/\/nvnoticias.mx\/index.php\/2021\/03\/11\/apartan-lugar-con-12-horas-de-anticipacion\/","title":{"rendered":"Veracruzanos apartan lugar con 12 horas de anticipaci\u00f3n para ser vacunados"},"content":{"rendered":"\n<p><strong>Jes\u00fas Utrilla \/ NV Noticias<\/strong><\/p>\n\n\n\n<p>Veracruz.- Veracruzanos acudieron desde las 6:00 de la tarde del mi\u00e9rcoles para hacer fila en el m\u00f3dulo del DIF de Matamoros y que el jueves sus familiares de la tercera edad pudieran alcanzar la vacuna contra el coronavirus.<\/p>\n\n\n\n<p>Miguel fue uno de ellos, explica que lleg\u00f3 a las 8:00 de la noche del mi\u00e9rcoles para apartar espacio y ya hab\u00eda por lo menos 50 personas adelante de \u00e9l.<\/p>\n\n\n\n<p>Pas\u00f3 toda la noche en vela \u00fanicamente sentado en una silla para que los integrantes de su familia con la letra correspondiente pudieran alcanzar el biol\u00f3gico.<\/p>\n\n\n\n<blockquote class=\"wp-block-quote is-layout-flow wp-block-quote-is-layout-flow\"><p>\u201cMe qued\u00e9 aqu\u00ed para apartar lugar llegu\u00e9 desde las 8:00 de la noche del mi\u00e9rcoles y ya hab\u00eda como 50 personas cuando llegu\u00e9. A las 7:00 de la ma\u00f1ana ya hab\u00edan 230\u201d.<\/p><\/blockquote>\n\n\n\n<p>Desde la noche las personas se organizaron a trav\u00e9s de fichas para conservar un orden conforme a su llegada, sin embargo, por la ma\u00f1ana los servidores de la naci\u00f3n no quer\u00edan reconocer dicha organizaci\u00f3n lo que gener\u00f3 la inconformidad de las personas.<\/p>\n\n\n\n<p>Sin embargo al ser m\u00e1s de 200 exigieron que la fila fuera conforme llegaron.<\/p>\n\n\n\n<blockquote class=\"wp-block-quote is-layout-flow wp-block-quote-is-layout-flow\"><p>\u201cNos organizamos bien porque no quer\u00edan respetar las fichas que nos dieron desde la noche y madrugada y pues nosotros aqu\u00ed dormimos\u201d.<\/p><\/blockquote>\n\n\n\n<p>Durante la ma\u00f1ana en la aplicaci\u00f3n de la vacuna comenzar puntual, incluso la revisi\u00f3n de documento inicio desde 7:40 de la ma\u00f1ana.<\/p>\n\n\n\n<p>Quienes llegaron a las 12 de la noche recibieron el biol\u00f3gico como a las 10 de la ma\u00f1ana.<\/p>\n","protected":false},"excerpt":{"rendered":"<p>Jes\u00fas Utrilla \/ NV Noticias Veracruz.- Veracruzanos acudieron desde las 6:00 de la tarde del mi\u00e9rcoles para hacer fila en el m\u00f3dulo del DIF de Matamoros y que el jueves sus familiares de la tercera edad pudieran alcanzar la vacuna contra el coronavirus. Miguel fue uno de ellos, explica que lleg\u00f3 a las 8:00 de [&hellip;]<\/p>\n","protected":false},"author":6,"featured_media":7325,"comment_status":"open","ping_status":"open","sticky":false,"template":"","format":"standard","meta":{"_monsterinsights_skip_tracking":false,"_monsterinsights_sitenote_active":false,"_monsterinsights_sitenote_note":"","_monsterinsights_sitenote_category":0,"footnotes":""},"categories":[154],"tags":[1842,175,217,180],"class_list":["post-7324","post","type-post","status-publish","format-standard","has-post-thumbnail","hentry","category-veracruz","tag-anticovid","tag-covid-19","tag-vacuna","tag-veracruz","wp-image-borders"],"amp_enabled":true,"_links":{"self":[{"href":"https:\/\/nvnoticias.mx\/index.php\/wp-json\/wp\/v2\/posts\/7324","targetHints":{"allow":["GET"]}}],"collection":[{"href":"https:\/\/nvnoticias.mx\/index.php\/wp-json\/wp\/v2\/posts"}],"about":[{"href":"https:\/\/nvnoticias.mx\/index.php\/wp-json\/wp\/v2\/types\/post"}],"author":[{"embeddable":true,"href":"https:\/\/nvnoticias.mx\/index.php\/wp-json\/wp\/v2\/users\/6"}],"replies":[{"embeddable":true,"href":"https:\/\/nvnoticias.mx\/index.php\/wp-json\/wp\/v2\/comments?post=7324"}],"version-history":[{"count":1,"href":"https:\/\/nvnoticias.mx\/index.php\/wp-json\/wp\/v2\/posts\/7324\/revisions"}],"predecessor-version":[{"id":7326,"href":"https:\/\/nvnoticias.mx\/index.php\/wp-json\/wp\/v2\/posts\/7324\/revisions\/7326"}],"wp:featuredmedia":[{"embeddable":true,"href":"https:\/\/nvnoticias.mx\/index.php\/wp-json\/wp\/v2\/media\/7325"}],"wp:attachment":[{"href":"https:\/\/nvnoticias.mx\/index.php\/wp-json\/wp\/v2\/media?parent=7324"}],"wp:term":[{"taxonomy":"category","embeddable":true,"href":"https:\/\/nvnoticias.mx\/index.php\/wp-json\/wp\/v2\/categories?post=7324"},{"taxonomy":"post_tag","embeddable":true,"href":"https:\/\/nvnoticias.mx\/index.php\/wp-json\/wp\/v2\/tags?post=7324"}],"curies":[{"name":"wp","href":"https:\/\/api.w.org\/{rel}","templated":true}]}}