{"id":73230,"date":"2022-09-07T17:26:30","date_gmt":"2022-09-07T22:26:30","guid":{"rendered":"https:\/\/nvnoticias.mx\/?p=73230"},"modified":"2022-09-07T17:26:31","modified_gmt":"2022-09-07T22:26:31","slug":"cfe-crea-comision-para-investigar-ataque-a-sus-trabajadores-en-sonora-incluye-a-la-sedena-y-gn","status":"publish","type":"post","link":"https:\/\/nvnoticias.mx\/index.php\/2022\/09\/07\/cfe-crea-comision-para-investigar-ataque-a-sus-trabajadores-en-sonora-incluye-a-la-sedena-y-gn\/","title":{"rendered":"CFE crea comisi\u00f3n para investigar ataque a sus trabajadores en Sonora; incluye a la Sedena y GN"},"content":{"rendered":"\n<p>La\u00a0Comisi\u00f3n Federal de Electricidad\u00a0lament\u00f3 el fallecimiento de dos de sus trabajadores tras un ataque ocurrido el d\u00eda de ayer en el estado de\u00a0Sonora.\u00a0<\/p>\n\n\n\n<p>Ante los hechos violentos en contra de sus trabajadores, la CFE anunci\u00f3 la creaci\u00f3n de la\u00a0Comisi\u00f3n de Investigaci\u00f3n y Establecimiento de Condiciones Especiales para la Seguridad de los Trabajadores.<\/p>\n\n\n\n<p>Detall\u00f3 que dicha comisi\u00f3n estar\u00e1 encargada de establecer en los pr\u00f3ximos ocho d\u00edas, un informe en el que detalle las causas que originaron los actos de violencia, con el fin de implementar acciones en todo el pa\u00eds.<\/p>\n\n\n\n<p>Adem\u00e1s, establecer\u00e1 mecanismos y protocolos de prevenci\u00f3n y seguridad para proteger la integridad f\u00edsica de sus trabajadores.<\/p>\n\n\n\n<p>La comisi\u00f3n estar\u00e1 conformada por Antonio Vega, coordinaci\u00f3n de Distribuci\u00f3n, Israel Gazca, gerente de Seguridad Industrial y Rub\u00e9n Garc\u00eda Castel\u00e1n, secretario de Finanzas del SUTERM; y trabajar\u00e1 en coordinaci\u00f3n con la\u00a0Sedena, la Secretar\u00eda de Seguridad P\u00fablica,\u00a0Guardia Nacional, Polic\u00eda Estatal y Municipal.<\/p>\n\n\n\n<figure class=\"wp-block-embed aligncenter is-type-rich is-provider-twitter wp-block-embed-twitter\"><div class=\"wp-block-embed__wrapper\">\n<blockquote class=\"twitter-tweet\" data-width=\"550\" data-dnt=\"true\"><p lang=\"es\" dir=\"ltr\">En la CFE lamentamos los hechos ocurridos en Sonora contra nuestros compa\u00f1eros trabajadores. Informamos lo siguiente. <a href=\"https:\/\/t.co\/15yvQel2QM\">https:\/\/t.co\/15yvQel2QM<\/a>. <a href=\"https:\/\/t.co\/4089IiDMUO\">pic.twitter.com\/4089IiDMUO<\/a><\/p>&mdash; CFEmx (@CFEmx) <a href=\"https:\/\/twitter.com\/CFEmx\/status\/1567620688843870215?ref_src=twsrc%5Etfw\">September 7, 2022<\/a><\/blockquote><script async src=\"https:\/\/platform.twitter.com\/widgets.js\" charset=\"utf-8\"><\/script>\n<\/div><\/figure>\n\n\n\n<p>Fuente: <a href=\"https:\/\/www.eluniversal.com.mx\/estados\/cfe-crea-comision-para-investigar-ataque-sus-trabajadores-en-sonora-incluye-la-sedena-y-gn\">El Universal<\/a><\/p>\n","protected":false},"excerpt":{"rendered":"<p>La\u00a0Comisi\u00f3n Federal de Electricidad\u00a0lament\u00f3 el fallecimiento de dos de sus trabajadores tras un ataque ocurrido el d\u00eda de ayer en el estado de\u00a0Sonora.\u00a0 Ante los hechos violentos en contra de sus trabajadores, la CFE anunci\u00f3 la creaci\u00f3n de la\u00a0Comisi\u00f3n de Investigaci\u00f3n y Establecimiento de Condiciones Especiales para la Seguridad de los Trabajadores. Detall\u00f3 que dicha [&hellip;]<\/p>\n","protected":false},"author":8,"featured_media":73231,"comment_status":"open","ping_status":"open","sticky":false,"template":"","format":"standard","meta":{"_monsterinsights_skip_tracking":false,"_monsterinsights_sitenote_active":false,"_monsterinsights_sitenote_note":"","_monsterinsights_sitenote_category":0,"footnotes":""},"categories":[157],"tags":[2438,821,2528,941],"class_list":["post-73230","post","type-post","status-publish","format-standard","has-post-thumbnail","hentry","category-nacional","tag-ataque","tag-cfe","tag-sonora","tag-trabajadores","wp-image-borders"],"amp_enabled":true,"_links":{"self":[{"href":"https:\/\/nvnoticias.mx\/index.php\/wp-json\/wp\/v2\/posts\/73230","targetHints":{"allow":["GET"]}}],"collection":[{"href":"https:\/\/nvnoticias.mx\/index.php\/wp-json\/wp\/v2\/posts"}],"about":[{"href":"https:\/\/nvnoticias.mx\/index.php\/wp-json\/wp\/v2\/types\/post"}],"author":[{"embeddable":true,"href":"https:\/\/nvnoticias.mx\/index.php\/wp-json\/wp\/v2\/users\/8"}],"replies":[{"embeddable":true,"href":"https:\/\/nvnoticias.mx\/index.php\/wp-json\/wp\/v2\/comments?post=73230"}],"version-history":[{"count":1,"href":"https:\/\/nvnoticias.mx\/index.php\/wp-json\/wp\/v2\/posts\/73230\/revisions"}],"predecessor-version":[{"id":73232,"href":"https:\/\/nvnoticias.mx\/index.php\/wp-json\/wp\/v2\/posts\/73230\/revisions\/73232"}],"wp:featuredmedia":[{"embeddable":true,"href":"https:\/\/nvnoticias.mx\/index.php\/wp-json\/wp\/v2\/media\/73231"}],"wp:attachment":[{"href":"https:\/\/nvnoticias.mx\/index.php\/wp-json\/wp\/v2\/media?parent=73230"}],"wp:term":[{"taxonomy":"category","embeddable":true,"href":"https:\/\/nvnoticias.mx\/index.php\/wp-json\/wp\/v2\/categories?post=73230"},{"taxonomy":"post_tag","embeddable":true,"href":"https:\/\/nvnoticias.mx\/index.php\/wp-json\/wp\/v2\/tags?post=73230"}],"curies":[{"name":"wp","href":"https:\/\/api.w.org\/{rel}","templated":true}]}}