{"id":73223,"date":"2022-09-07T16:55:07","date_gmt":"2022-09-07T21:55:07","guid":{"rendered":"https:\/\/nvnoticias.mx\/?p=73223"},"modified":"2022-09-07T16:55:08","modified_gmt":"2022-09-07T21:55:08","slug":"guardia-nacional-civil-o-militar","status":"publish","type":"post","link":"https:\/\/nvnoticias.mx\/index.php\/2022\/09\/07\/guardia-nacional-civil-o-militar\/","title":{"rendered":"Guardia nacional: civil o militar"},"content":{"rendered":"\n<p><strong>Luis Pazos <\/strong><\/p>\n\n\n\n<p>En la C\u00e1mara de diputados discutieron durante 14 horas si la Guardia Nacional debe estar bajo la direcci\u00f3n del Ej\u00e9rcito o de autoridades civiles del gobierno federal, del cual forma parte el ej\u00e9rcito y la marina, o del gobernador de cada Estado.<\/p>\n\n\n\n<p>Si leemos el art\u00edculo 21 de la Constituci\u00f3n dice en uno de sus p\u00e1rrafos: \u201cLas autoridades de seguridad p\u00fablica ser\u00e1n de car\u00e1cter civil, disciplinado y profesional\u201d. Ese p\u00e1rrafo es el fundamento para quienes rechazan que sean las fuerzas armadas las que manejen la Guardia Nacional, aunque tambi\u00e9n ese p\u00e1rrafo dice \u201c\u2026disciplinado y profesional.\u201d Esos requisitos solo los cumplen las fuerzas armadas.<\/p>\n\n\n\n<p>Hay quienes pregonan: \u201cLos militares a sus cuarteles\u201d, y afirman que solo deben salir si nos ataca un pa\u00eds extranjero, lo que no sucede desde hace 108 a\u00f1os. Olvidan que entre las funciones del ej\u00e9rcito est\u00e1 la de garantizar la seguridad interior, y su jefe m\u00e1ximo es un civil, el Presidente de la Rep\u00fablica (art. 11, Ley del Ej\u00e9rcito y Fuerza A\u00e9rea, lo mismo en la Marina).<\/p>\n\n\n\n<p>Aunque los presupuestos del Ej\u00e9rcito y Marina juntos son 3.5 veces menores a las p\u00e9rdidas de Pemex y CFE, es un desperdicio tener a los militares en sus cuarteles y que solo salgan a marchar el 16 de septiembre, mientras diversas partes del pa\u00eds son controladas por el crimen organizado, que en algunas zonas cuenta con mejores armas que el ej\u00e9rcito y la marina, y tienen a su servicio a polic\u00edas municipales y estatales, cuya \u00fanica opci\u00f3n es la de \u201cplata o plomo\u201d, pues no cuentan con la capacidad para enfrentarse al crimen organizado.<\/p>\n\n\n\n<p>El art\u00edculo 129 constitucional dice que en tiempos de paz el ej\u00e9rcito no debe intervenir en la vida p\u00fablica, en lo que estoy de acuerdo, pero nos preguntamos, hay paz y seguridad en Estados y municipios donde las polic\u00edas municipales y estatales los rebasa el crimen organizado, que ha generado un r\u00e9cord de muertes, y existe una situaci\u00f3n donde prevalece la extorsi\u00f3n y ejecuci\u00f3n a quienes no pagan el derecho de piso.<\/p>\n\n\n\n<p>Que el ej\u00e9rcito y la marina combatan al crimen organizado y dirijan la Guardia Nacional no significa la militarizaci\u00f3n del pa\u00eds, aunque no deben utilizarse para otros fines, como construir el Tren Maya o sucursales del Banco del Bienestar, pues no son \u201cmil usos\u201d, pero son los m\u00e1s indicados y preparados para manejar la Guardia Nacional y rescatar la p\u00e9rdida de seguridad interior en diversos territorios, donde los gobernantes ya no gobiernan, sino el crimen organizado.<\/p>\n","protected":false},"excerpt":{"rendered":"<p>Luis Pazos En la C\u00e1mara de diputados discutieron durante 14 horas si la Guardia Nacional debe estar bajo la direcci\u00f3n del Ej\u00e9rcito o de autoridades civiles del gobierno federal, del cual forma parte el ej\u00e9rcito y la marina, o del gobernador de cada Estado. Si leemos el art\u00edculo 21 de la Constituci\u00f3n dice en uno [&hellip;]<\/p>\n","protected":false},"author":16,"featured_media":62113,"comment_status":"open","ping_status":"open","sticky":false,"template":"","format":"standard","meta":{"_monsterinsights_skip_tracking":false,"_monsterinsights_sitenote_active":false,"_monsterinsights_sitenote_note":"","_monsterinsights_sitenote_category":0,"footnotes":""},"categories":[248],"tags":[171],"class_list":["post-73223","post","type-post","status-publish","format-standard","has-post-thumbnail","hentry","category-luis-pazos","tag-luis-pazos","wp-image-borders"],"amp_enabled":true,"_links":{"self":[{"href":"https:\/\/nvnoticias.mx\/index.php\/wp-json\/wp\/v2\/posts\/73223","targetHints":{"allow":["GET"]}}],"collection":[{"href":"https:\/\/nvnoticias.mx\/index.php\/wp-json\/wp\/v2\/posts"}],"about":[{"href":"https:\/\/nvnoticias.mx\/index.php\/wp-json\/wp\/v2\/types\/post"}],"author":[{"embeddable":true,"href":"https:\/\/nvnoticias.mx\/index.php\/wp-json\/wp\/v2\/users\/16"}],"replies":[{"embeddable":true,"href":"https:\/\/nvnoticias.mx\/index.php\/wp-json\/wp\/v2\/comments?post=73223"}],"version-history":[{"count":1,"href":"https:\/\/nvnoticias.mx\/index.php\/wp-json\/wp\/v2\/posts\/73223\/revisions"}],"predecessor-version":[{"id":73224,"href":"https:\/\/nvnoticias.mx\/index.php\/wp-json\/wp\/v2\/posts\/73223\/revisions\/73224"}],"wp:featuredmedia":[{"embeddable":true,"href":"https:\/\/nvnoticias.mx\/index.php\/wp-json\/wp\/v2\/media\/62113"}],"wp:attachment":[{"href":"https:\/\/nvnoticias.mx\/index.php\/wp-json\/wp\/v2\/media?parent=73223"}],"wp:term":[{"taxonomy":"category","embeddable":true,"href":"https:\/\/nvnoticias.mx\/index.php\/wp-json\/wp\/v2\/categories?post=73223"},{"taxonomy":"post_tag","embeddable":true,"href":"https:\/\/nvnoticias.mx\/index.php\/wp-json\/wp\/v2\/tags?post=73223"}],"curies":[{"name":"wp","href":"https:\/\/api.w.org\/{rel}","templated":true}]}}