{"id":73067,"date":"2022-09-06T18:32:11","date_gmt":"2022-09-06T23:32:11","guid":{"rendered":"https:\/\/nvnoticias.mx\/?p=73067"},"modified":"2022-09-06T18:32:12","modified_gmt":"2022-09-06T23:32:12","slug":"julio-urias-jugara-con-mexico-en-el-clasico-mundial-de-beisbol","status":"publish","type":"post","link":"https:\/\/nvnoticias.mx\/index.php\/2022\/09\/06\/julio-urias-jugara-con-mexico-en-el-clasico-mundial-de-beisbol\/","title":{"rendered":"Julio Ur\u00edas jugar\u00e1 con M\u00e9xico en el Cl\u00e1sico Mundial de Beisbol"},"content":{"rendered":"\n<p>Los \u00c1ngeles Dodgers anunciaron que el pitcher mexicano, Julio Ur\u00edas, participar\u00e1 con la Selecci\u00f3n Mexicana en el Cl\u00e1sico Mundial de Beisbol de 2023.<\/p>\n\n\n\n<blockquote class=\"wp-block-quote is-layout-flow wp-block-quote-is-layout-flow\"><p>&#8220;<em>Julio Ur\u00edas representar\u00e1 a M\u00e9xico en el WBCBaseball<\/em>&#8220;, informaron los Dodgers a trav\u00e9s de sus redes sociales.<\/p><p><\/p><\/blockquote>\n\n\n\n<figure class=\"wp-block-embed aligncenter is-type-rich is-provider-twitter wp-block-embed-twitter\"><div class=\"wp-block-embed__wrapper\">\n<blockquote class=\"twitter-tweet\" data-width=\"550\" data-dnt=\"true\"><p lang=\"es\" dir=\"ltr\">Julio Ur\u00edas representar\u00e1 a M\u00e9xico en el <a href=\"https:\/\/twitter.com\/WBCBaseball?ref_src=twsrc%5Etfw\">@WBCBaseball<\/a>. <a href=\"https:\/\/t.co\/U9woY4N2h6\">pic.twitter.com\/U9woY4N2h6<\/a><\/p>&mdash; Los Dodgers (@LosDodgers) <a href=\"https:\/\/twitter.com\/LosDodgers\/status\/1567285432098107398?ref_src=twsrc%5Etfw\">September 6, 2022<\/a><\/blockquote><script async src=\"https:\/\/platform.twitter.com\/widgets.js\" charset=\"utf-8\"><\/script>\n<\/div><\/figure>\n\n\n\n<blockquote class=\"wp-block-quote is-layout-flow wp-block-quote-is-layout-flow\"><p>&#8220;<em>Va a ser algo muy bonito, M\u00e9xico es todo para m\u00ed, el apoyo que tengo de los paisanos es bastante d\u00eda con d\u00eda, no solamente en el pa\u00eds, sino fuera, obviamente aqu\u00ed en Los Angeles me siento como si estuviera en M\u00e9xico, es un orgullo para m\u00ed, la verdad<\/em>&#8220;, dijo Julio Ur\u00edas, tras darse a conocer su incorporaci\u00f3n con la novena mexicana.<\/p><\/blockquote>\n\n\n\n<blockquote class=\"wp-block-quote is-layout-flow wp-block-quote-is-layout-flow\"><p>&#8220;<em>(Mis familiares) est\u00e1n bien contentos, han tenido la oportunidad de verme la camisa a nivel infantil, a nivel profesional nunca lo han hecho, van estar muy contentos y orgullosos tambi\u00e9n<\/em>&#8220;, expres\u00f3 Ur\u00edas para los medios angelinos.<\/p><\/blockquote>\n\n\n\n<p>El Cl\u00e1sico Mundial de Beisbol se llevar\u00e1 a cabo del 8 al 21 de marzo de 2023.<\/p>\n\n\n\n<p>Fuente: <a href=\"https:\/\/www.espn.com.mx\/beisbol\/nota\/_\/id\/10889292\/julio-urias-jugara-con-mexico-en-el-clasico-mundial-de-beisbol\">ESPN<\/a><\/p>\n","protected":false},"excerpt":{"rendered":"<p>Los \u00c1ngeles Dodgers anunciaron que el pitcher mexicano, Julio Ur\u00edas, participar\u00e1 con la Selecci\u00f3n Mexicana en el Cl\u00e1sico Mundial de Beisbol de 2023. &#8220;Julio Ur\u00edas representar\u00e1 a M\u00e9xico en el WBCBaseball&#8220;, informaron los Dodgers a trav\u00e9s de sus redes sociales. &#8220;Va a ser algo muy bonito, M\u00e9xico es todo para m\u00ed, el apoyo que tengo [&hellip;]<\/p>\n","protected":false},"author":8,"featured_media":55746,"comment_status":"open","ping_status":"open","sticky":false,"template":"","format":"standard","meta":{"_monsterinsights_skip_tracking":false,"_monsterinsights_sitenote_active":false,"_monsterinsights_sitenote_note":"","_monsterinsights_sitenote_category":0,"footnotes":""},"categories":[159],"tags":[16920,3179,15087,292],"class_list":["post-73067","post","type-post","status-publish","format-standard","has-post-thumbnail","hentry","category-deportes","tag-clasico-mundial-de-beisbol","tag-julio-urias","tag-los-angeles-dodgers","tag-mexico","wp-image-borders"],"amp_enabled":true,"_links":{"self":[{"href":"https:\/\/nvnoticias.mx\/index.php\/wp-json\/wp\/v2\/posts\/73067","targetHints":{"allow":["GET"]}}],"collection":[{"href":"https:\/\/nvnoticias.mx\/index.php\/wp-json\/wp\/v2\/posts"}],"about":[{"href":"https:\/\/nvnoticias.mx\/index.php\/wp-json\/wp\/v2\/types\/post"}],"author":[{"embeddable":true,"href":"https:\/\/nvnoticias.mx\/index.php\/wp-json\/wp\/v2\/users\/8"}],"replies":[{"embeddable":true,"href":"https:\/\/nvnoticias.mx\/index.php\/wp-json\/wp\/v2\/comments?post=73067"}],"version-history":[{"count":1,"href":"https:\/\/nvnoticias.mx\/index.php\/wp-json\/wp\/v2\/posts\/73067\/revisions"}],"predecessor-version":[{"id":73068,"href":"https:\/\/nvnoticias.mx\/index.php\/wp-json\/wp\/v2\/posts\/73067\/revisions\/73068"}],"wp:featuredmedia":[{"embeddable":true,"href":"https:\/\/nvnoticias.mx\/index.php\/wp-json\/wp\/v2\/media\/55746"}],"wp:attachment":[{"href":"https:\/\/nvnoticias.mx\/index.php\/wp-json\/wp\/v2\/media?parent=73067"}],"wp:term":[{"taxonomy":"category","embeddable":true,"href":"https:\/\/nvnoticias.mx\/index.php\/wp-json\/wp\/v2\/categories?post=73067"},{"taxonomy":"post_tag","embeddable":true,"href":"https:\/\/nvnoticias.mx\/index.php\/wp-json\/wp\/v2\/tags?post=73067"}],"curies":[{"name":"wp","href":"https:\/\/api.w.org\/{rel}","templated":true}]}}