{"id":73045,"date":"2022-09-06T15:08:28","date_gmt":"2022-09-06T20:08:28","guid":{"rendered":"https:\/\/nvnoticias.mx\/?p=73045"},"modified":"2022-09-06T15:08:28","modified_gmt":"2022-09-06T20:08:28","slug":"buscara-sedema-rescatar-arroyo-moreno-y-la-laguna-farallon","status":"publish","type":"post","link":"https:\/\/nvnoticias.mx\/index.php\/2022\/09\/06\/buscara-sedema-rescatar-arroyo-moreno-y-la-laguna-farallon\/","title":{"rendered":"Buscar\u00e1 Sedema rescatar Arroyo Moreno y la  Laguna Farall\u00f3n"},"content":{"rendered":"\n<p><strong>Jes\u00fas Utrilla \/ NV Noticias<\/strong><\/p>\n\n\n\n<p>En las pr\u00f3ximas semanas comenzar\u00e1n acciones de rescate y dragado de Arroyo Moreno.<\/p>\n\n\n\n<p>El secretario del Medio Ambiente, Juan Carlos Contreras Bautista, dijo que detectaron relleno y por dicho motivo la Procuradur\u00eda del Medio Ambiente interpuso denuncias.<\/p>\n\n\n\n<p>Por ello destinar\u00e1n 13 millones de pesos en rescatar el espacio.<\/p>\n\n\n\n<p>Hace dos a\u00f1os desalojaron y clausuraron en los puntos afectados.&nbsp;<\/p>\n\n\n\n<blockquote class=\"wp-block-quote is-layout-flow wp-block-quote-is-layout-flow\"><p>\u201c<em>Arroyo Moreno ha sido rellenando con escombro y se va a recuperar toda esa parte que es humedal. Son varios miles de metros c\u00fabicos de escombro<\/em>\u201d.\u00a0<\/p><\/blockquote>\n\n\n\n<p>Se actuar\u00e1 contra las construcciones en los humedales, aunque reconoci\u00f3 que los procesos contra invasores son largos.&nbsp;<\/p>\n\n\n\n<p>Asimismo invertir\u00e1n 7 millones en rescatar la laguna El Farall\u00f3n. Ah\u00ed desconectaron 10 mangueras que extra\u00edan el agua.<\/p>\n\n\n\n<p>Realizar\u00e1n restauraci\u00f3n, limpieza, dragado y cunetas debido a que se detect\u00f3 que los escurrimientos ya&nbsp;&nbsp;no llegaban a la laguna por falta de limpieza de canales.&nbsp;<\/p>\n\n\n\n<blockquote class=\"wp-block-quote is-layout-flow wp-block-quote-is-layout-flow\"><p>\u201c<em>Conagua nos ha autorizado un aprovechamiento de 8 pulgadas. Se desconectaron 10 mangueras que iban a los terrenos de ganado. Con ello ya no se aprovechar\u00e1 de m\u00e1s el agua. No se detecta el nombre de a quien pertenecen las mangueras<\/em>\u201d.<\/p><\/blockquote>\n\n\n\n<p>Explic\u00f3 que el saneamiento es competencia municipal por ello sostienen reuniones con los municipios.<\/p>\n","protected":false},"excerpt":{"rendered":"<p>Jes\u00fas Utrilla \/ NV Noticias En las pr\u00f3ximas semanas comenzar\u00e1n acciones de rescate y dragado de Arroyo Moreno. El secretario del Medio Ambiente, Juan Carlos Contreras Bautista, dijo que detectaron relleno y por dicho motivo la Procuradur\u00eda del Medio Ambiente interpuso denuncias. Por ello destinar\u00e1n 13 millones de pesos en rescatar el espacio. Hace dos [&hellip;]<\/p>\n","protected":false},"author":8,"featured_media":73046,"comment_status":"open","ping_status":"open","sticky":false,"template":"","format":"standard","meta":{"_monsterinsights_skip_tracking":false,"_monsterinsights_sitenote_active":false,"_monsterinsights_sitenote_note":"","_monsterinsights_sitenote_category":0,"footnotes":""},"categories":[154],"tags":[19030,3112,1022],"class_list":["post-73045","post","type-post","status-publish","format-standard","has-post-thumbnail","hentry","category-veracruz","tag-arroyo-moreno","tag-laguna-del-farallon","tag-sedema","wp-image-borders"],"amp_enabled":true,"_links":{"self":[{"href":"https:\/\/nvnoticias.mx\/index.php\/wp-json\/wp\/v2\/posts\/73045","targetHints":{"allow":["GET"]}}],"collection":[{"href":"https:\/\/nvnoticias.mx\/index.php\/wp-json\/wp\/v2\/posts"}],"about":[{"href":"https:\/\/nvnoticias.mx\/index.php\/wp-json\/wp\/v2\/types\/post"}],"author":[{"embeddable":true,"href":"https:\/\/nvnoticias.mx\/index.php\/wp-json\/wp\/v2\/users\/8"}],"replies":[{"embeddable":true,"href":"https:\/\/nvnoticias.mx\/index.php\/wp-json\/wp\/v2\/comments?post=73045"}],"version-history":[{"count":1,"href":"https:\/\/nvnoticias.mx\/index.php\/wp-json\/wp\/v2\/posts\/73045\/revisions"}],"predecessor-version":[{"id":73047,"href":"https:\/\/nvnoticias.mx\/index.php\/wp-json\/wp\/v2\/posts\/73045\/revisions\/73047"}],"wp:featuredmedia":[{"embeddable":true,"href":"https:\/\/nvnoticias.mx\/index.php\/wp-json\/wp\/v2\/media\/73046"}],"wp:attachment":[{"href":"https:\/\/nvnoticias.mx\/index.php\/wp-json\/wp\/v2\/media?parent=73045"}],"wp:term":[{"taxonomy":"category","embeddable":true,"href":"https:\/\/nvnoticias.mx\/index.php\/wp-json\/wp\/v2\/categories?post=73045"},{"taxonomy":"post_tag","embeddable":true,"href":"https:\/\/nvnoticias.mx\/index.php\/wp-json\/wp\/v2\/tags?post=73045"}],"curies":[{"name":"wp","href":"https:\/\/api.w.org\/{rel}","templated":true}]}}