{"id":73010,"date":"2022-09-06T12:57:24","date_gmt":"2022-09-06T17:57:24","guid":{"rendered":"https:\/\/nvnoticias.mx\/?p=73010"},"modified":"2022-09-06T12:57:25","modified_gmt":"2022-09-06T17:57:25","slug":"pide-amlo-al-pri-deslindarse-del-conservadurismo-rancio-del-pan","status":"publish","type":"post","link":"https:\/\/nvnoticias.mx\/index.php\/2022\/09\/06\/pide-amlo-al-pri-deslindarse-del-conservadurismo-rancio-del-pan\/","title":{"rendered":"Pide AMLO al PRI deslindarse del \u201cconservadurismo rancio\u201d del PAN"},"content":{"rendered":"\n<p>El presidente Andr\u00e9s Manuel L\u00f3pez Obrador llam\u00f3 al Partido Revolucionario Institucional (PRI) a deslindarse del \u201cconservadurismo rancio\u201d del PAN, si es que quiere ayudar con la transformaci\u00f3n del pa\u00eds. <\/p>\n\n\n\n<p>En la conferencia ma\u00f1anera de Palacio Nacional, el mandatario cuestion\u00f3 a los integrantes del partido tricolor, al se\u00f1alar que les ha ido mal en las \u00faltimas elecciones y aun as\u00ed siguen aliados con Acci\u00f3n Nacional, \u201cs\u00f3lo que sean masoquistas\u201d. <\/p>\n\n\n\n<blockquote class=\"wp-block-quote is-layout-flow wp-block-quote-is-layout-flow\"><p>\u201cY si el PRI plantea ayudar, al\u00eda muy bien y que se deslinde ya, eso ya es su asunto, que se deslinde de su conservadurismo, de lo rancio. Pues tambi\u00e9n, cualquier partido lo que busca es salir adelante y si les est\u00e1 yendo mal, s\u00f3lo que sean masoquistas, \u00bfqu\u00e9 hacen? Si para eso existen los divorcios\u201d, expres\u00f3. <\/p><\/blockquote>\n\n\n\n<p>Al ser cuestionado si recibir\u00eda a los priistas en Morena para hacer una alianza, respondi\u00f3 que eso es otro asunto, pero aclar\u00f3 que lo que le importa es que juntos se pueda avanzar en la transformaci\u00f3n de M\u00e9xico. <\/p>\n\n\n\n<p>Reiter\u00f3 que se pueden tener muchas diferencias entre los institutos pol\u00edticos, menos en el tema de seguridad, porque implica la tranquilidad de la gente; \u201c\u00bfc\u00f3mo vamos a meter en la agenda pol\u00edtica este tema? Es realmente mezquino y los del PAN, nada\u201d. <\/p>\n\n\n\n<blockquote class=\"wp-block-quote is-layout-flow wp-block-quote-is-layout-flow\"><p>\u201cDamos a conocer c\u00f3mo estamos actuando en Guanajuato, en Jalisco, no estamos viendo \u2018aqu\u00ed gobierna el PAN, aqu\u00ed no va la Guardia Nacional, aqu\u00ed no va el Ej\u00e9rcito\u2019. Es de los estados donde hay m\u00e1s presencia de la Federaci\u00f3n porque se necesita.&#8221;<\/p><\/blockquote>\n\n\n\n<blockquote class=\"wp-block-quote is-layout-flow wp-block-quote-is-layout-flow\"><p> \u201cClaro que tenemos diferencias pol\u00edticas con el PAN y los grupos ultraconservadores de ese estado, pero estamos hablando de seguridad del pueblo, de la gente, \u00bfc\u00f3mo se atreven a condicionar el apoyo en materia de seguridad?\u201d, lament\u00f3.<\/p><\/blockquote>\n\n\n\n<p> Critic\u00f3 a los panistas por ser contradictorios en el debate sobre la Guardia Nacional, porque a ellos les gusta el uso de la fuerza, la mano dura \u201cy ahora resulta que no quieren la supuesta militarizaci\u00f3n\u201d. <\/p>\n\n\n\n<blockquote class=\"wp-block-quote is-layout-flow wp-block-quote-is-layout-flow\"><p>\u201c\u00bfQui\u00e9n declar\u00f3 la guerra?, \u00bfqui\u00e9n le orden\u00f3 a los soldados que reprimieran?, \u00bfen qu\u00e9 gobierno?, \u00bfpor qu\u00e9 tanta hipocres\u00eda? Vamos a resolver los asuntos pol\u00edticos con debate, con argumentos, defendiendo a los ciudadanos, y que en las elecciones, como es la democracia, el pueblo decida, pero no con esas estrategias muy contrarias al inter\u00e9s general\u201d, remarc\u00f3. <\/p><\/blockquote>\n\n\n\n<p>Fuente: <a href=\"https:\/\/www.milenio.com\/politica\/pri-deslindarse-conservadurismo-rancio-pan-amlo\" data-type=\"URL\" data-id=\"https:\/\/www.milenio.com\/politica\/pri-deslindarse-conservadurismo-rancio-pan-amlo\">Milenio<\/a><\/p>\n","protected":false},"excerpt":{"rendered":"<p>El presidente Andr\u00e9s Manuel L\u00f3pez Obrador llam\u00f3 al Partido Revolucionario Institucional (PRI) a deslindarse del \u201cconservadurismo rancio\u201d del PAN, si es que quiere ayudar con la transformaci\u00f3n del pa\u00eds. En la conferencia ma\u00f1anera de Palacio Nacional, el mandatario cuestion\u00f3 a los integrantes del partido tricolor, al se\u00f1alar que les ha ido mal en las \u00faltimas [&hellip;]<\/p>\n","protected":false},"author":35,"featured_media":59957,"comment_status":"open","ping_status":"open","sticky":false,"template":"","format":"standard","meta":{"_monsterinsights_skip_tracking":false,"_monsterinsights_sitenote_active":false,"_monsterinsights_sitenote_note":"","_monsterinsights_sitenote_category":0,"footnotes":""},"categories":[158],"tags":[188,4362,19023,284,9741,208,19024],"class_list":["post-73010","post","type-post","status-publish","format-standard","has-post-thumbnail","hentry","category-politica","tag-amlo","tag-conservadurismo","tag-deslindarse","tag-pan","tag-pide","tag-pri","tag-rancio","wp-image-borders"],"amp_enabled":true,"_links":{"self":[{"href":"https:\/\/nvnoticias.mx\/index.php\/wp-json\/wp\/v2\/posts\/73010","targetHints":{"allow":["GET"]}}],"collection":[{"href":"https:\/\/nvnoticias.mx\/index.php\/wp-json\/wp\/v2\/posts"}],"about":[{"href":"https:\/\/nvnoticias.mx\/index.php\/wp-json\/wp\/v2\/types\/post"}],"author":[{"embeddable":true,"href":"https:\/\/nvnoticias.mx\/index.php\/wp-json\/wp\/v2\/users\/35"}],"replies":[{"embeddable":true,"href":"https:\/\/nvnoticias.mx\/index.php\/wp-json\/wp\/v2\/comments?post=73010"}],"version-history":[{"count":1,"href":"https:\/\/nvnoticias.mx\/index.php\/wp-json\/wp\/v2\/posts\/73010\/revisions"}],"predecessor-version":[{"id":73011,"href":"https:\/\/nvnoticias.mx\/index.php\/wp-json\/wp\/v2\/posts\/73010\/revisions\/73011"}],"wp:featuredmedia":[{"embeddable":true,"href":"https:\/\/nvnoticias.mx\/index.php\/wp-json\/wp\/v2\/media\/59957"}],"wp:attachment":[{"href":"https:\/\/nvnoticias.mx\/index.php\/wp-json\/wp\/v2\/media?parent=73010"}],"wp:term":[{"taxonomy":"category","embeddable":true,"href":"https:\/\/nvnoticias.mx\/index.php\/wp-json\/wp\/v2\/categories?post=73010"},{"taxonomy":"post_tag","embeddable":true,"href":"https:\/\/nvnoticias.mx\/index.php\/wp-json\/wp\/v2\/tags?post=73010"}],"curies":[{"name":"wp","href":"https:\/\/api.w.org\/{rel}","templated":true}]}}