{"id":72982,"date":"2022-09-06T12:03:26","date_gmt":"2022-09-06T17:03:26","guid":{"rendered":"https:\/\/nvnoticias.mx\/?p=72982"},"modified":"2022-09-06T12:03:27","modified_gmt":"2022-09-06T17:03:27","slug":"lanza-constellation-brands-convocatoria-de-becas-el-valor-de-educar","status":"publish","type":"post","link":"https:\/\/nvnoticias.mx\/index.php\/2022\/09\/06\/lanza-constellation-brands-convocatoria-de-becas-el-valor-de-educar\/","title":{"rendered":"Lanza Constellation Brands convocatoria de becas El Valor de Educar"},"content":{"rendered":"\n<p><strong>Jes\u00fas Utrilla | NV Noticias<\/strong><\/p>\n\n\n\n<p>Constellation Brands lanz\u00f3 la convocatoria de becas \u201cEl Valor de Educar, Futuro y Bienestar de Nuestros J\u00f3venes\u201d, para quienes estudian el bachillerato o la universidad.<\/p>\n\n\n\n<p>Daniel Baiman, presidente de Constellation Brands M\u00e9xico, se\u00f1al\u00f3 que son 500 becas.<\/p>\n\n\n\n<p>La convocatoria estar\u00e1 abierta del 6 al 30 de septiembre de este a\u00f1o, en lo que seguir\u00e1 el proceso final de selecci\u00f3n y su correspondiente notificaci\u00f3n para tener el siguiente ciclo escolar que arranca en enero de 2023.<\/p>\n\n\n\n<p>La beca les permitir\u00e1 continuar con sus estudios, adem\u00e1s de participar en talleres de desarrollo comunitario como parte de la promoci\u00f3n para su crecimiento humano y el reconocimiento de sus habilidades y capacidades.<\/p>\n\n\n\n<p>Las instituciones educativas involucradas en la iniciativa son: el Colegio de Estudios Cient\u00edficos y Tecnol\u00f3gicos del Estado de Veracruz; Colegio de Educaci\u00f3n Profesional T\u00e9cnica del Estado de Veracruz; Instituto Tecnol\u00f3gico de Veracruz; Universidad Tecnol\u00f3gica del Centro de Veracruz; Universidad Tecnol\u00f3gica del Sureste de Veracruz; Universidad Tecnol\u00f3gica de Gui\u00e9rrez Zamora y la Universidad Veracruzana.<\/p>\n\n\n\n<p>Durante seis meses, las 500 becas estar\u00e1n destinadas al pago de colegiaturas, gastos mensuales escolares y manutenci\u00f3n para estudiantes \u00f1 de nivel medio superior en bachillerato general y t\u00e9cnico y para los de educaci\u00f3n superior en programas educativos y carreras seleccionadas, los cuales se definir\u00e1n de acuerdo a la demanda laboral de la regi\u00f3n.<\/p>\n","protected":false},"excerpt":{"rendered":"<p>Jes\u00fas Utrilla | NV Noticias Constellation Brands lanz\u00f3 la convocatoria de becas \u201cEl Valor de Educar, Futuro y Bienestar de Nuestros J\u00f3venes\u201d, para quienes estudian el bachillerato o la universidad. Daniel Baiman, presidente de Constellation Brands M\u00e9xico, se\u00f1al\u00f3 que son 500 becas. La convocatoria estar\u00e1 abierta del 6 al 30 de septiembre de este a\u00f1o, [&hellip;]<\/p>\n","protected":false},"author":35,"featured_media":72983,"comment_status":"open","ping_status":"open","sticky":false,"template":"","format":"standard","meta":{"_monsterinsights_skip_tracking":false,"_monsterinsights_sitenote_active":false,"_monsterinsights_sitenote_note":"","_monsterinsights_sitenote_category":0,"footnotes":""},"categories":[154],"tags":[2609,3617,286,19011,162],"class_list":["post-72982","post","type-post","status-publish","format-standard","has-post-thumbnail","hentry","category-veracruz","tag-becas","tag-constellation-brands","tag-convocatoria","tag-el-valor-de-educar","tag-portada","wp-image-borders"],"amp_enabled":true,"_links":{"self":[{"href":"https:\/\/nvnoticias.mx\/index.php\/wp-json\/wp\/v2\/posts\/72982","targetHints":{"allow":["GET"]}}],"collection":[{"href":"https:\/\/nvnoticias.mx\/index.php\/wp-json\/wp\/v2\/posts"}],"about":[{"href":"https:\/\/nvnoticias.mx\/index.php\/wp-json\/wp\/v2\/types\/post"}],"author":[{"embeddable":true,"href":"https:\/\/nvnoticias.mx\/index.php\/wp-json\/wp\/v2\/users\/35"}],"replies":[{"embeddable":true,"href":"https:\/\/nvnoticias.mx\/index.php\/wp-json\/wp\/v2\/comments?post=72982"}],"version-history":[{"count":1,"href":"https:\/\/nvnoticias.mx\/index.php\/wp-json\/wp\/v2\/posts\/72982\/revisions"}],"predecessor-version":[{"id":72984,"href":"https:\/\/nvnoticias.mx\/index.php\/wp-json\/wp\/v2\/posts\/72982\/revisions\/72984"}],"wp:featuredmedia":[{"embeddable":true,"href":"https:\/\/nvnoticias.mx\/index.php\/wp-json\/wp\/v2\/media\/72983"}],"wp:attachment":[{"href":"https:\/\/nvnoticias.mx\/index.php\/wp-json\/wp\/v2\/media?parent=72982"}],"wp:term":[{"taxonomy":"category","embeddable":true,"href":"https:\/\/nvnoticias.mx\/index.php\/wp-json\/wp\/v2\/categories?post=72982"},{"taxonomy":"post_tag","embeddable":true,"href":"https:\/\/nvnoticias.mx\/index.php\/wp-json\/wp\/v2\/tags?post=72982"}],"curies":[{"name":"wp","href":"https:\/\/api.w.org\/{rel}","templated":true}]}}