{"id":72873,"date":"2022-09-05T14:42:57","date_gmt":"2022-09-05T19:42:57","guid":{"rendered":"https:\/\/nvnoticias.mx\/?p=72873"},"modified":"2022-09-05T14:42:59","modified_gmt":"2022-09-05T19:42:59","slug":"santa-fe-klan-es-detenido-por-policias-el-incidente-quedo-grabado-en-video","status":"publish","type":"post","link":"https:\/\/nvnoticias.mx\/index.php\/2022\/09\/05\/santa-fe-klan-es-detenido-por-policias-el-incidente-quedo-grabado-en-video\/","title":{"rendered":"Santa Fe Klan es detenido por polic\u00edas; el incidente qued\u00f3 grabado en video"},"content":{"rendered":"\n<p>El rapero\u00a0Santa Fe Klan\u00a0ha causado tremenda preocupaci\u00f3n entre sus seguidores luego de que, en sus redes sociales, compartiera una serie de videos en los que se puede ver el momento exacto en el que es perseguido y\u00a0detenido\u00a0por oficiales de la polic\u00eda.<\/p>\n\n\n\n<p>Todo sucedi\u00f3 durante las primeras horas de este lunes 5 de septiembre cuando \u00c1ngel Quezada, nombre real del m\u00fasico, decidi\u00f3 salir a caminar para grabar un video en el que promocionar\u00eda su pr\u00f3ximo concierto en la Ciudad de M\u00e9xico.<\/p>\n\n\n\n<p>El joven de 22 a\u00f1os aprovech\u00f3 su paseo nocturno para sacar un \u201cgallo\u201d\u00a0(cigarro de marihuana) lo que al parecer llam\u00f3 la atenci\u00f3n de un par de oficiales que se encontraban por la zona, quienes hicieron sonar la sirena de su patrulla ocasionando que Santa Fe emprendiera la huida.<\/p>\n\n\n\n<p>Sin dejar de grabar ni un solo segundo, el cantante fue alcanzado por los oficiales y no le qued\u00f3 de otra que detenerse para encararlos: \u201cTodo bien jefe, nom\u00e1s traigo un gallo\u2026 estamos grabando\u201d, se le oye decir al famoso. \u201cEs Santa Fe, estamos grabando un video\u201d, agrega un acompa\u00f1ante.<\/p>\n\n\n\n<p>Pero de nada le sirvieron sus alegatos, pues los oficiales le pidieron que abriera la mochila que tra\u00eda para que pudieran revisarlo: \u201cVen d\u00e9jame ver\u201d, dice el polic\u00eda a lo que Quezada responde: \u201cHey, no me puede revisar. Traigo un gallo nom\u00e1s\u201d.<\/p>\n\n\n\n<p>Ante la negativa del rapero, los elementos le piden con m\u00e1s insistencia: \u201cAbre la mochila, \u00e1brela cabr\u00f3n. Abre la mariconera\u201d. Justo despu\u00e9s de ese momento todo se vuelve confuso, pues las im\u00e1genes se tornar confusas y empieza un forcejeo entre todos los presentes.<\/p>\n\n\n\n<p>\u201cSu\u00e9ltalo carnal, ya estuvo\u201d, se oye, mientras se puede ver al famoso caer al piso. \u201cNada m\u00e1s estamos grabando un video, todo bien\u201d, pronuncia Santa Fe antes de que la grabaci\u00f3n finalice.<\/p>\n\n\n\n<p>Hasta el momento se desconocen m\u00e1s detalles sobre el incidente; sin embargo los fans del rapero ya han salido a en su defensa alegando que los oficiales no ten\u00edan ning\u00fan motivo para haberlo detenido y hasta los se\u00f1alan de abuso de poder.<\/p>\n\n\n\n<p>Fuente: <a href=\"http:\/\/eluniversal.com.mx\/espectaculos\/santa-fe-klan-es-detenido-y-todo-queda-grabado-en-video\">El Universal<\/a><\/p>\n","protected":false},"excerpt":{"rendered":"<p>El rapero\u00a0Santa Fe Klan\u00a0ha causado tremenda preocupaci\u00f3n entre sus seguidores luego de que, en sus redes sociales, compartiera una serie de videos en los que se puede ver el momento exacto en el que es perseguido y\u00a0detenido\u00a0por oficiales de la polic\u00eda. Todo sucedi\u00f3 durante las primeras horas de este lunes 5 de septiembre cuando \u00c1ngel [&hellip;]<\/p>\n","protected":false},"author":8,"featured_media":72874,"comment_status":"open","ping_status":"open","sticky":false,"template":"","format":"standard","meta":{"_monsterinsights_skip_tracking":false,"_monsterinsights_sitenote_active":false,"_monsterinsights_sitenote_note":"","_monsterinsights_sitenote_category":0,"footnotes":""},"categories":[576],"tags":[1957,17631],"class_list":["post-72873","post","type-post","status-publish","format-standard","has-post-thumbnail","hentry","category-ocio","tag-detenido","tag-santa-fe-klan","wp-image-borders"],"amp_enabled":true,"_links":{"self":[{"href":"https:\/\/nvnoticias.mx\/index.php\/wp-json\/wp\/v2\/posts\/72873","targetHints":{"allow":["GET"]}}],"collection":[{"href":"https:\/\/nvnoticias.mx\/index.php\/wp-json\/wp\/v2\/posts"}],"about":[{"href":"https:\/\/nvnoticias.mx\/index.php\/wp-json\/wp\/v2\/types\/post"}],"author":[{"embeddable":true,"href":"https:\/\/nvnoticias.mx\/index.php\/wp-json\/wp\/v2\/users\/8"}],"replies":[{"embeddable":true,"href":"https:\/\/nvnoticias.mx\/index.php\/wp-json\/wp\/v2\/comments?post=72873"}],"version-history":[{"count":1,"href":"https:\/\/nvnoticias.mx\/index.php\/wp-json\/wp\/v2\/posts\/72873\/revisions"}],"predecessor-version":[{"id":72875,"href":"https:\/\/nvnoticias.mx\/index.php\/wp-json\/wp\/v2\/posts\/72873\/revisions\/72875"}],"wp:featuredmedia":[{"embeddable":true,"href":"https:\/\/nvnoticias.mx\/index.php\/wp-json\/wp\/v2\/media\/72874"}],"wp:attachment":[{"href":"https:\/\/nvnoticias.mx\/index.php\/wp-json\/wp\/v2\/media?parent=72873"}],"wp:term":[{"taxonomy":"category","embeddable":true,"href":"https:\/\/nvnoticias.mx\/index.php\/wp-json\/wp\/v2\/categories?post=72873"},{"taxonomy":"post_tag","embeddable":true,"href":"https:\/\/nvnoticias.mx\/index.php\/wp-json\/wp\/v2\/tags?post=72873"}],"curies":[{"name":"wp","href":"https:\/\/api.w.org\/{rel}","templated":true}]}}