{"id":7284,"date":"2021-03-12T18:05:31","date_gmt":"2021-03-13T00:05:31","guid":{"rendered":"https:\/\/nvnoticias.mx\/?p=7284"},"modified":"2021-03-12T18:06:05","modified_gmt":"2021-03-13T00:06:05","slug":"tom-brady-obtiene-una-extension-de-contrato","status":"publish","type":"post","link":"https:\/\/nvnoticias.mx\/index.php\/2021\/03\/12\/tom-brady-obtiene-una-extension-de-contrato\/","title":{"rendered":"Tom Brady obtiene una extensi\u00f3n de contrato"},"content":{"rendered":"\n<p><strong>Tom Brady<\/strong> el <strong>mariscal<\/strong> de campo considerado un gran veterano, ha dado mucho de que hablar est\u00e9 ultimo  a\u00f1o,  <strong>no es para menos que se le haya<\/strong> <strong>dado una extensi\u00f3n de contrato <\/strong>que anular\u00eda el anterior y lo tendr\u00edan jugando hasta su cumplea\u00f1os n\u00famero 45.<\/p>\n\n\n\n<p><strong>Cabe destacar que Brady siempre ha declarado que buscar\u00eda jugar hasta los 45 a\u00f1os<\/strong>, sin embargo  <strong>recientes declaraciones<\/strong> que ha dado Brady dijo que ahora su objetivo no solo es jugar hasta esa edad, si no continuar un tiempo m\u00e1s.<\/p>\n\n\n\n<p class=\"has-text-align-right\">Alfredo S\u00e1nchez Jr \/ NV Noticias <\/p>\n\n\n\n<p class=\"has-small-font-size\">Fuentes: ESPN, Jenna Laine.<\/p>\n","protected":false},"excerpt":{"rendered":"<p>Tom Brady el mariscal de campo considerado un gran veterano, ha dado mucho de que hablar est\u00e9 ultimo a\u00f1o, no es para menos que se le haya dado una extensi\u00f3n de contrato que anular\u00eda el anterior y lo tendr\u00edan jugando hasta su cumplea\u00f1os n\u00famero 45. Cabe destacar que Brady siempre ha declarado que buscar\u00eda jugar [&hellip;]<\/p>\n","protected":false},"author":8,"featured_media":7486,"comment_status":"open","ping_status":"open","sticky":false,"template":"","format":"standard","meta":{"_monsterinsights_skip_tracking":false,"_monsterinsights_sitenote_active":false,"_monsterinsights_sitenote_note":"","_monsterinsights_sitenote_category":0,"footnotes":""},"categories":[159],"tags":[349,2212,97,507],"class_list":["post-7284","post","type-post","status-publish","format-standard","has-post-thumbnail","hentry","category-deportes","tag-alfredo-sanchez-jr","tag-futbol-americano","tag-nfl","tag-tom-brady","wp-image-borders"],"amp_enabled":true,"_links":{"self":[{"href":"https:\/\/nvnoticias.mx\/index.php\/wp-json\/wp\/v2\/posts\/7284","targetHints":{"allow":["GET"]}}],"collection":[{"href":"https:\/\/nvnoticias.mx\/index.php\/wp-json\/wp\/v2\/posts"}],"about":[{"href":"https:\/\/nvnoticias.mx\/index.php\/wp-json\/wp\/v2\/types\/post"}],"author":[{"embeddable":true,"href":"https:\/\/nvnoticias.mx\/index.php\/wp-json\/wp\/v2\/users\/8"}],"replies":[{"embeddable":true,"href":"https:\/\/nvnoticias.mx\/index.php\/wp-json\/wp\/v2\/comments?post=7284"}],"version-history":[{"count":4,"href":"https:\/\/nvnoticias.mx\/index.php\/wp-json\/wp\/v2\/posts\/7284\/revisions"}],"predecessor-version":[{"id":7507,"href":"https:\/\/nvnoticias.mx\/index.php\/wp-json\/wp\/v2\/posts\/7284\/revisions\/7507"}],"wp:featuredmedia":[{"embeddable":true,"href":"https:\/\/nvnoticias.mx\/index.php\/wp-json\/wp\/v2\/media\/7486"}],"wp:attachment":[{"href":"https:\/\/nvnoticias.mx\/index.php\/wp-json\/wp\/v2\/media?parent=7284"}],"wp:term":[{"taxonomy":"category","embeddable":true,"href":"https:\/\/nvnoticias.mx\/index.php\/wp-json\/wp\/v2\/categories?post=7284"},{"taxonomy":"post_tag","embeddable":true,"href":"https:\/\/nvnoticias.mx\/index.php\/wp-json\/wp\/v2\/tags?post=7284"}],"curies":[{"name":"wp","href":"https:\/\/api.w.org\/{rel}","templated":true}]}}