{"id":72831,"date":"2022-09-05T13:14:37","date_gmt":"2022-09-05T18:14:37","guid":{"rendered":"https:\/\/nvnoticias.mx\/?p=72831"},"modified":"2022-09-05T13:14:38","modified_gmt":"2022-09-05T18:14:38","slug":"se-lleva-a-cabo-con-exito-el-2do-torneo-de-golf-con-causa","status":"publish","type":"post","link":"https:\/\/nvnoticias.mx\/index.php\/2022\/09\/05\/se-lleva-a-cabo-con-exito-el-2do-torneo-de-golf-con-causa\/","title":{"rendered":"Se lleva a cabo con \u00e9xito el 2do Torneo de Golf Con Causa"},"content":{"rendered":"\n<p><strong>Jes\u00fas Utrilla \/ NV Noticias<\/strong><\/p>\n\n\n\n<p>La Asociaci\u00f3n de Agentes Aduanales del Puerto de Veracruz llev\u00f3 a cabo con \u00e9xito el 2do. Torneo de Golf con Causa, a beneficio de Fundaci\u00f3n CAAAREM. <\/p>\n\n\n\n<p>El evento se desarroll\u00f3 en el Club de Golf Villa Rica y como en la primera edici\u00f3n, acudi\u00f3 la destacada golfista Lorena Ochoa y fue amenizado por Gustavo Lara. \u00a0<\/p>\n\n\n\n<p>El A.A. Manuel H. Reynaud Agiss, Presidente de la AAAVER, se\u00f1al\u00f3 que parte de lo recaudado ser\u00e1 para apoyar al Centro de Rehabilitaci\u00f3n Infantil de Veracruz (Criver).<\/p>\n\n\n\n<blockquote class=\"wp-block-quote is-layout-flow wp-block-quote-is-layout-flow\"><p>\u201c<em>Estamos muy complacidos con la respuesta de toda la afici\u00f3n del golf en Veracruz. No solamente de quienes vinieron a jugar sino los que vienen acompa\u00f1ando porque cada uno hizo su donativo<\/em>\u201d.\u00a0<\/p><\/blockquote>\n\n\n\n<p>La golfista Lorena Ochoa agradeci\u00f3 la invitaci\u00f3n y se dijo complacida en apoyar a que los ni\u00f1os contin\u00faen con su rehabilitaci\u00f3n. Destac\u00f3 la importancia de que la infancia practique alg\u00fan deporte. <\/p>\n\n\n\n<blockquote class=\"wp-block-quote is-layout-flow wp-block-quote-is-layout-flow\"><p>\u201c<em>Estoy muy agradecida con la invitaci\u00f3n. Estoy muy emocionada y motivada por seguir ayudando a los ni\u00f1os que est\u00e1n en situaci\u00f3n vulnerable. Soy creyente de que la actividad f\u00edsica y convivir con amigos y familiares es algo sano. Que los pap\u00e1s los encaminen e involucren<\/em>\u201d.<\/p><\/blockquote>\n\n\n\n<p>Abel Guti\u00e9rrez Ruiz, Director del Criver, se\u00f1al\u00f3 que la instituci\u00f3n atiende a m\u00e1s de 6 mil ni\u00f1os con alguna discapacidad y el recurso que recibir\u00e1n se ejercer\u00e1 en el \u00e1rea de \u00f3rtesis y pr\u00f3tesis.\u00a0<\/p>\n\n\n\n<blockquote class=\"wp-block-quote is-layout-flow wp-block-quote-is-layout-flow\"><p>\u201c<em>Fuimos seleccionados despu\u00e9s de haber presentado un proyecto de apoyo a ni\u00f1os y la fundaci\u00f3n CAAAREM decidi\u00f3 que era una buena causa y nos apoyar\u00e1n con recursos junto con los agentes aduanales de Veracruz<\/em>\u201d.<\/p><\/blockquote>\n\n\n\n<p>Luz Cecilia Palazuelos Garc\u00eda Bringas, Presidenta de Fundaci\u00f3n CAAAREM, dijo que la intenci\u00f3n primordial de las actividades que realizan es impulsar a la ni\u00f1ez mexicana en educaci\u00f3n, salud y alimentaci\u00f3n.<\/p>\n\n\n\n<blockquote class=\"wp-block-quote is-layout-flow wp-block-quote-is-layout-flow\"><p>\u201c<em>Podemos decir con transparencia y equidad qu\u00e9 es lo que pas\u00f3 y en donde est\u00e1n los recursos, a quien apoyamos y como. Estos eventos nos ayudan a seguir impulsando a la ni\u00f1ez<\/em>\u201d.<\/p><\/blockquote>\n\n\n\n<p>Llam\u00f3 a las asociaciones que apoyen estas causas a presentar su proyecto a m\u00e1s tardar el 9 de septiembre, para que ingresen a la fase de dictaminaci\u00f3n.<\/p>\n\n\n\n<p>Los ganadores del 2do. Torneo de Golf con Causa, a beneficio de Fundaci\u00f3n CAAAREM fueron:<\/p>\n\n\n\n<p>Torneo:Score 57<\/p>\n\n\n\n<p>Lugar 1: Adri\u00e1n L\u00f3pez; Andreas Miller; Juan Manuel Puente y Gabriel Espinosa.<\/p>\n\n\n\n<p>Score 57<\/p>\n\n\n\n<p>Lugar 2: Claudia Meza; Mario Escobar; Antonio Santos y Vicente Fern\u00e1ndez.<\/p>\n\n\n\n<p>Score 59<\/p>\n\n\n\n<p>Lugar 3: Jes\u00fas G\u00f3mez; Regino Franco; Luis Enrique De la Cruz y Flavio Hern\u00e1ndez.<\/p>\n","protected":false},"excerpt":{"rendered":"<p>Jes\u00fas Utrilla \/ NV Noticias La Asociaci\u00f3n de Agentes Aduanales del Puerto de Veracruz llev\u00f3 a cabo con \u00e9xito el 2do. Torneo de Golf con Causa, a beneficio de Fundaci\u00f3n CAAAREM. El evento se desarroll\u00f3 en el Club de Golf Villa Rica y como en la primera edici\u00f3n, acudi\u00f3 la destacada golfista Lorena Ochoa y [&hellip;]<\/p>\n","protected":false},"author":8,"featured_media":72832,"comment_status":"open","ping_status":"open","sticky":false,"template":"","format":"standard","meta":{"_monsterinsights_skip_tracking":false,"_monsterinsights_sitenote_active":false,"_monsterinsights_sitenote_note":"","_monsterinsights_sitenote_category":0,"footnotes":""},"categories":[154],"tags":[18983,5822,5824],"class_list":["post-72831","post","type-post","status-publish","format-standard","has-post-thumbnail","hentry","category-veracruz","tag-club-de-golf-villa-rica","tag-fundacion-caaarem","tag-torneo-de-golf","wp-image-borders"],"amp_enabled":true,"_links":{"self":[{"href":"https:\/\/nvnoticias.mx\/index.php\/wp-json\/wp\/v2\/posts\/72831","targetHints":{"allow":["GET"]}}],"collection":[{"href":"https:\/\/nvnoticias.mx\/index.php\/wp-json\/wp\/v2\/posts"}],"about":[{"href":"https:\/\/nvnoticias.mx\/index.php\/wp-json\/wp\/v2\/types\/post"}],"author":[{"embeddable":true,"href":"https:\/\/nvnoticias.mx\/index.php\/wp-json\/wp\/v2\/users\/8"}],"replies":[{"embeddable":true,"href":"https:\/\/nvnoticias.mx\/index.php\/wp-json\/wp\/v2\/comments?post=72831"}],"version-history":[{"count":1,"href":"https:\/\/nvnoticias.mx\/index.php\/wp-json\/wp\/v2\/posts\/72831\/revisions"}],"predecessor-version":[{"id":72833,"href":"https:\/\/nvnoticias.mx\/index.php\/wp-json\/wp\/v2\/posts\/72831\/revisions\/72833"}],"wp:featuredmedia":[{"embeddable":true,"href":"https:\/\/nvnoticias.mx\/index.php\/wp-json\/wp\/v2\/media\/72832"}],"wp:attachment":[{"href":"https:\/\/nvnoticias.mx\/index.php\/wp-json\/wp\/v2\/media?parent=72831"}],"wp:term":[{"taxonomy":"category","embeddable":true,"href":"https:\/\/nvnoticias.mx\/index.php\/wp-json\/wp\/v2\/categories?post=72831"},{"taxonomy":"post_tag","embeddable":true,"href":"https:\/\/nvnoticias.mx\/index.php\/wp-json\/wp\/v2\/tags?post=72831"}],"curies":[{"name":"wp","href":"https:\/\/api.w.org\/{rel}","templated":true}]}}