{"id":72467,"date":"2022-09-02T12:18:47","date_gmt":"2022-09-02T17:18:47","guid":{"rendered":"https:\/\/nvnoticias.mx\/?p=72467"},"modified":"2022-09-02T12:18:48","modified_gmt":"2022-09-02T17:18:48","slug":"leclerc-y-ferrari-dominan-segundas-practicas-libres-en-gp-de-paises-bajos","status":"publish","type":"post","link":"https:\/\/nvnoticias.mx\/index.php\/2022\/09\/02\/leclerc-y-ferrari-dominan-segundas-practicas-libres-en-gp-de-paises-bajos\/","title":{"rendered":"Leclerc y Ferrari dominan segundas pr\u00e1cticas libres en GP de Pa\u00edses Bajos"},"content":{"rendered":"\n<p>La\u00a0escuder\u00eda Ferrari\u00a0dio el relevo a Mercedes en la segunda sesi\u00f3n de entrenamientos libres del\u00a0Gran Premio de los Pa\u00edses Bajos\u00a0en la\u00a0F\u00f3rmula 1, con el piloto monegasco\u00a0Charles Leclerc en primera posici\u00f3n\u00a0(1:12.345)\u00a0y el espa\u00f1ol Carlos Sainz en segundo, a solo cuatro mil\u00e9simas.<\/p>\n\n\n\n<p>Si las\u00a0primeras pr\u00e1cticas hab\u00edan sido dominadas por los Mercedes\u00a0de\u00a0George Russell y Lewis Hamilton, la tarde fue para los italianos, ya que los representantes brit\u00e1nicos terminaron en quinto y tercero, respectivamente.<\/p>\n\n\n\n<p>Minutos despu\u00e9s de que se confirmara el\u00a0fichaje del australiano Oscar Piastri por McLaren para 2023, con un cuarto de hora de retraso sobre el horario previsto, volvi\u00f3 la acci\u00f3n a la\u00a0pista de Zandvoort, con el h\u00e9roe\u00a0local, el neerland\u00e9s Max Verstappen, en pista.<\/p>\n\n\n\n<p>El espa\u00f1ol Carlos Sainz\u00a0no tard\u00f3 en ponerse primero en la tabla de tiempos\u00a0(1:13.412), aunque lejos del 1:12.845 que le hab\u00eda dado la tercera plaza en el entrenamiento matinal y que pronto mejor\u00f3 (1:12.349).<\/p>\n\n\n\n<p>El\u00a0l\u00edder del campeonato,\u00a0Max Verstappen, apenas hab\u00eda podido\u00a0rodar diez minutos en los primeros libres, en los que un\u00a0problema con la caja de cambios\u00a0le oblig\u00f3 a dejar su coche en la pista y a quedarse el resto de la sesi\u00f3n en el garaje.<\/p>\n\n\n\n<p>Sin embargo, no acab\u00f3 de encontrarse c\u00f3modo delante de sus aficionados, por lo que\u00a0concluy\u00f3 en la octava plaza.\u00a0Su compa\u00f1ero de equipo, el mexicano\u00a0Sergio \u2018Checo\u2019 P\u00e9rez, tampoco tuvo suerte ya que\u00a0finaliz\u00f3 en duod\u00e9cimo.<\/p>\n\n\n\n<h4 class=\"wp-block-heading\">La segunda bandera roja del GP de Pa\u00edses Bajos<\/h4>\n\n\n\n<p>Una excursi\u00f3n de\u00a0Yuki Tsunoda a la grava\u00a0a falta de doce minutos provoc\u00f3 la bandera roja y la actividad regres\u00f3 cuando quedaban solamente cuatro, pero nada cambi\u00f3 en la zona alta de la clasificaci\u00f3n.<\/p>\n\n\n\n<p>El\u00a0japon\u00e9s de Alpha Tauri\u00a0vio c\u00f3mo sacaron su monoplaza al igual que le sucedi\u00f3 al piloto de Red Bull un poco m\u00e1s temprano. En el top ten tambi\u00e9n se colaron Norris (en cuarto), as\u00ed como el sexto para Stroll y el s\u00e9ptimo para Alonso. El noveno y d\u00e9cimo puesto fue para Ocon y Ricciardo.<\/p>\n\n\n\n<p>Fuente: <a href=\"https:\/\/www.elfinanciero.com.mx\/deportes\/2022\/09\/02\/gp-de-paises-bajos-leclerc-y-ferrari-dominan-segundas-practicas-libres\/\">El Financiero<\/a><\/p>\n","protected":false},"excerpt":{"rendered":"<p>La\u00a0escuder\u00eda Ferrari\u00a0dio el relevo a Mercedes en la segunda sesi\u00f3n de entrenamientos libres del\u00a0Gran Premio de los Pa\u00edses Bajos\u00a0en la\u00a0F\u00f3rmula 1, con el piloto monegasco\u00a0Charles Leclerc en primera posici\u00f3n\u00a0(1:12.345)\u00a0y el espa\u00f1ol Carlos Sainz en segundo, a solo cuatro mil\u00e9simas. Si las\u00a0primeras pr\u00e1cticas hab\u00edan sido dominadas por los Mercedes\u00a0de\u00a0George Russell y Lewis Hamilton, la tarde fue [&hellip;]<\/p>\n","protected":false},"author":8,"featured_media":72469,"comment_status":"open","ping_status":"open","sticky":false,"template":"","format":"standard","meta":{"_monsterinsights_skip_tracking":false,"_monsterinsights_sitenote_active":false,"_monsterinsights_sitenote_note":"","_monsterinsights_sitenote_category":0,"footnotes":""},"categories":[159],"tags":[13188,3699,10412,18921],"class_list":["post-72467","post","type-post","status-publish","format-standard","has-post-thumbnail","hentry","category-deportes","tag-charles-leclerc","tag-f1","tag-ferrari","tag-gp-de-paises-bajos","wp-image-borders"],"amp_enabled":true,"_links":{"self":[{"href":"https:\/\/nvnoticias.mx\/index.php\/wp-json\/wp\/v2\/posts\/72467","targetHints":{"allow":["GET"]}}],"collection":[{"href":"https:\/\/nvnoticias.mx\/index.php\/wp-json\/wp\/v2\/posts"}],"about":[{"href":"https:\/\/nvnoticias.mx\/index.php\/wp-json\/wp\/v2\/types\/post"}],"author":[{"embeddable":true,"href":"https:\/\/nvnoticias.mx\/index.php\/wp-json\/wp\/v2\/users\/8"}],"replies":[{"embeddable":true,"href":"https:\/\/nvnoticias.mx\/index.php\/wp-json\/wp\/v2\/comments?post=72467"}],"version-history":[{"count":1,"href":"https:\/\/nvnoticias.mx\/index.php\/wp-json\/wp\/v2\/posts\/72467\/revisions"}],"predecessor-version":[{"id":72470,"href":"https:\/\/nvnoticias.mx\/index.php\/wp-json\/wp\/v2\/posts\/72467\/revisions\/72470"}],"wp:featuredmedia":[{"embeddable":true,"href":"https:\/\/nvnoticias.mx\/index.php\/wp-json\/wp\/v2\/media\/72469"}],"wp:attachment":[{"href":"https:\/\/nvnoticias.mx\/index.php\/wp-json\/wp\/v2\/media?parent=72467"}],"wp:term":[{"taxonomy":"category","embeddable":true,"href":"https:\/\/nvnoticias.mx\/index.php\/wp-json\/wp\/v2\/categories?post=72467"},{"taxonomy":"post_tag","embeddable":true,"href":"https:\/\/nvnoticias.mx\/index.php\/wp-json\/wp\/v2\/tags?post=72467"}],"curies":[{"name":"wp","href":"https:\/\/api.w.org\/{rel}","templated":true}]}}