{"id":72436,"date":"2022-09-02T10:45:18","date_gmt":"2022-09-02T15:45:18","guid":{"rendered":"https:\/\/nvnoticias.mx\/?p=72436"},"modified":"2022-09-02T10:45:20","modified_gmt":"2022-09-02T15:45:20","slug":"mexico-no-fabrica-las-armas-pero-si-pone-los-muertos-rosa-icela","status":"publish","type":"post","link":"https:\/\/nvnoticias.mx\/index.php\/2022\/09\/02\/mexico-no-fabrica-las-armas-pero-si-pone-los-muertos-rosa-icela\/","title":{"rendered":"M\u00e9xico no fabrica las armas, pero s\u00ed pone los muertos: Rosa Icela"},"content":{"rendered":"\n<p>Durante la tercera Cumbre de Jefes de la<strong>\u00a0Polic\u00eda en la ONU<\/strong>, en\u00a0<strong>Nueva York,<\/strong>\u00a0<strong>Rosa Icela Rodr\u00edguez<\/strong>, secretaria de Seguridad y Protecci\u00f3n Ciudadana, afirm\u00f3\u00a0que la inseguridad en<strong>\u00a0M\u00e9xico<\/strong>\u00a0tiene su origen en el consumo\u00a0de\u00a0<strong>drogas y tr\u00e1fico de armas<\/strong>, por lo que\u00a0pidi\u00f3 que los pa\u00edses asuman su responsabilidad en la materia y los apremi\u00f3 a trabajar juntos para construir la paz.<\/p>\n\n\n\n<blockquote class=\"wp-block-quote is-layout-flow wp-block-quote-is-layout-flow\"><p>\u201cDec\u00eda Martin Luther King: la paz no es simplemente ausencia de tensi\u00f3n, es la presencia de justicia. Construy\u00e1mosla juntos\u201d, apunt\u00f3.<\/p><\/blockquote>\n\n\n\n<p>En presencia del secretario general de las Naciones Unidas, Ant\u00f3nio Guterres, de ministros de seguridad y jefes policiales de m\u00e1s de 60 pa\u00edses, se\u00f1al\u00f3 que&nbsp;<strong>M\u00e9xico no fabrica armas;<\/strong>&nbsp;sin embargo, el tr\u00e1fico de \u00e9stas s\u00ed ha&nbsp;impactado en los&nbsp;decesos en el pa\u00eds.<\/p>\n\n\n\n<blockquote class=\"wp-block-quote is-layout-flow wp-block-quote-is-layout-flow\"><p>\u201cLas armas, \u00bflas fabricamos nosotros? No. Las drogas sint\u00e9ticas, \u00bflas consumimos nosotros? No. Los muertos, \u00bflos ponemos nosotros? Lamentablemente s\u00ed\u201d, sentenci\u00f3.<\/p><\/blockquote>\n\n\n\n<p>Rodr\u00edguez comenz\u00f3 su discurso&nbsp;en&nbsp;la segunda ronda de la cumbre,&nbsp;sobre el fomento de la paz y el desarrollo sostenible&nbsp;mediante las acciones policiales,&nbsp;reafirmando el apoyo a la iniciativa de Guterres para&nbsp;asegurar la participaci\u00f3n igualitaria y significativa de las mujeres polic\u00edas.<\/p>\n\n\n\n<p>Incluso destac\u00f3 que el presidente<strong>&nbsp;Andr\u00e9s Manuel L\u00f3pez Obrador<\/strong>&nbsp;rompi\u00f3 paradigmas al \u201cconfiar a una mujer\u201d la seguridad de M\u00e9xico.<\/p>\n\n\n\n<blockquote class=\"wp-block-quote is-layout-flow wp-block-quote-is-layout-flow\"><p>\u201cLas mujeres somos constructoras de paz y aportamos mucho para ella\u201d, afirm\u00f3.<\/p><\/blockquote>\n\n\n\n<p>Declar\u00f3 que el Presidente es un \u201cl\u00edder social\u201d que&nbsp;decidi\u00f3 detener la \u201cguerra contra el&nbsp;<strong>narcotr\u00e1fico<\/strong>\u201d emprendida&nbsp;por&nbsp;gobiernos panistas y priistas.<\/p>\n\n\n\n<blockquote class=\"wp-block-quote is-layout-flow wp-block-quote-is-layout-flow\"><p>\u201cHoy decidimos que ese fuego debe parar. No venimos a ganar una guerra, venimos a ganar la paz\u201d, dijo, y agreg\u00f3 que la estrategia de seguridad en el pa\u00eds pone como prioridad, con programas sociales, la atenci\u00f3n a las causas que generan la violencia y la pobreza.<\/p><\/blockquote>\n\n\n\n<blockquote class=\"wp-block-quote is-layout-flow wp-block-quote-is-layout-flow\"><p>\u201cLo que resume el lema de L\u00f3pez Obrador es: por el bien de todos, primero los pobres\u201d, refiri\u00f3.<\/p><\/blockquote>\n\n\n\n<p>Aprovech\u00f3 para comentar&nbsp;que todos los d\u00edas, a las seis de la ma\u00f1ana, se re\u00fane con el gabinete de Seguridad, encabezado por el Presidente y coordinado por ella.<\/p>\n\n\n\n<blockquote class=\"wp-block-quote is-layout-flow wp-block-quote-is-layout-flow\"><p>\u201cEs un gabinete que no tiene complicidad con el crimen organizado, como lo era en el pasado. Basta decir que a unos kil\u00f3metros de aqu\u00ed, en Brooklyn, est\u00e1 recluido un ex secretario de Seguridad de M\u00e9xico\u201d, dijo, refiri\u00e9ndose a&nbsp;Genaro Garc\u00eda Luna.<\/p><\/blockquote>\n\n\n\n<p>Antes,\u00a0Rodr\u00edguez se reuni\u00f3 con Jean-Pierre Lacroix, secretario general adjunto de Operaciones de Paz de la ONU, donde acordaron la cooperaci\u00f3n y coincidieron en la importancia del rol femenino en las polic\u00edas como pacificador.<\/p>\n\n\n\n<p>Fuente: <a href=\"https:\/\/www.milenio.com\/policia\/rosa-icela-mexico-fabrica-armas-pone-muertos\" data-type=\"URL\" data-id=\"https:\/\/www.milenio.com\/policia\/rosa-icela-mexico-fabrica-armas-pone-muertos\">Milenio<\/a> <\/p>\n","protected":false},"excerpt":{"rendered":"<p>Durante la tercera Cumbre de Jefes de la\u00a0Polic\u00eda en la ONU, en\u00a0Nueva York,\u00a0Rosa Icela Rodr\u00edguez, secretaria de Seguridad y Protecci\u00f3n Ciudadana, afirm\u00f3\u00a0que la inseguridad en\u00a0M\u00e9xico\u00a0tiene su origen en el consumo\u00a0de\u00a0drogas y tr\u00e1fico de armas, por lo que\u00a0pidi\u00f3 que los pa\u00edses asuman su responsabilidad en la materia y los apremi\u00f3 a trabajar juntos para construir la [&hellip;]<\/p>\n","protected":false},"author":35,"featured_media":46827,"comment_status":"open","ping_status":"open","sticky":false,"template":"","format":"standard","meta":{"_monsterinsights_skip_tracking":false,"_monsterinsights_sitenote_active":false,"_monsterinsights_sitenote_note":"","_monsterinsights_sitenote_category":0,"footnotes":""},"categories":[157],"tags":[2672,18918,2162,12610],"class_list":["post-72436","post","type-post","status-publish","format-standard","has-post-thumbnail","hentry","category-nacional","tag-armas","tag-mexica","tag-muertos","tag-rosa-icela-rodriguez","wp-image-borders"],"amp_enabled":true,"_links":{"self":[{"href":"https:\/\/nvnoticias.mx\/index.php\/wp-json\/wp\/v2\/posts\/72436","targetHints":{"allow":["GET"]}}],"collection":[{"href":"https:\/\/nvnoticias.mx\/index.php\/wp-json\/wp\/v2\/posts"}],"about":[{"href":"https:\/\/nvnoticias.mx\/index.php\/wp-json\/wp\/v2\/types\/post"}],"author":[{"embeddable":true,"href":"https:\/\/nvnoticias.mx\/index.php\/wp-json\/wp\/v2\/users\/35"}],"replies":[{"embeddable":true,"href":"https:\/\/nvnoticias.mx\/index.php\/wp-json\/wp\/v2\/comments?post=72436"}],"version-history":[{"count":4,"href":"https:\/\/nvnoticias.mx\/index.php\/wp-json\/wp\/v2\/posts\/72436\/revisions"}],"predecessor-version":[{"id":72440,"href":"https:\/\/nvnoticias.mx\/index.php\/wp-json\/wp\/v2\/posts\/72436\/revisions\/72440"}],"wp:featuredmedia":[{"embeddable":true,"href":"https:\/\/nvnoticias.mx\/index.php\/wp-json\/wp\/v2\/media\/46827"}],"wp:attachment":[{"href":"https:\/\/nvnoticias.mx\/index.php\/wp-json\/wp\/v2\/media?parent=72436"}],"wp:term":[{"taxonomy":"category","embeddable":true,"href":"https:\/\/nvnoticias.mx\/index.php\/wp-json\/wp\/v2\/categories?post=72436"},{"taxonomy":"post_tag","embeddable":true,"href":"https:\/\/nvnoticias.mx\/index.php\/wp-json\/wp\/v2\/tags?post=72436"}],"curies":[{"name":"wp","href":"https:\/\/api.w.org\/{rel}","templated":true}]}}