{"id":72395,"date":"2022-09-01T18:34:41","date_gmt":"2022-09-01T23:34:41","guid":{"rendered":"https:\/\/nvnoticias.mx\/?p=72395"},"modified":"2022-09-01T18:34:42","modified_gmt":"2022-09-01T23:34:42","slug":"reabren-nuevamente-la-secundaria-jose-azueta","status":"publish","type":"post","link":"https:\/\/nvnoticias.mx\/index.php\/2022\/09\/01\/reabren-nuevamente-la-secundaria-jose-azueta\/","title":{"rendered":"Reabren nuevamente la secundaria Jos\u00e9 Azueta"},"content":{"rendered":"\n<p><strong>Jes\u00fas Utrilla \/ NV Noticias<\/strong><\/p>\n\n\n\n<p>Luego de cuatro d\u00edas fue liberada la secundaria Jos\u00e9 Azueta.<\/p>\n\n\n\n<p>Los maestros que manten\u00edan el plant\u00f3n quitaron el candado que hab\u00edan colocado para impedir el acceso.<\/p>\n\n\n\n<p>Ver\u00f3nica Olmos Morales, presidenta del Consejo Escolar de Participaci\u00f3n Social, exigi\u00f3 que la situaci\u00f3n no se vuelva a repetir, pues obstruyeron el derecho a la educaci\u00f3n de los ni\u00f1os durante cuatro d\u00edas.<\/p>\n\n\n\n<p>Dijo que aunque hayan liberado debe resolverse el problema interno ya que una asociaci\u00f3n anterior podr\u00eda seguir entorpeciendo las actividades y los m\u00e1s perjudicados son los estudiantes.<\/p>\n\n\n\n<p>Acusaron que una asociaci\u00f3n se encuentra generando conflictos e impidiendo que se recupere la matr\u00edcula.<\/p>\n\n\n\n<blockquote class=\"wp-block-quote is-layout-flow wp-block-quote-is-layout-flow\"><p>\u201c<em>Son 20 maestros de un mismo clan que pelean algo y han tomado\u00a0 esta escuela. La directora gan\u00f3 para tener este cargo administrativo pero ellos no dejan trabajar a la directora y a los maestros<\/em>\u201d.<\/p><\/blockquote>\n\n\n\n<p>Los maestros que ten\u00edan el plant\u00f3n informaron que las negociaciones con la Secretar\u00eda de Educaci\u00f3n de Veracruz tuvieron como respuesta la posible destituci\u00f3n de la directora, Laura Vanesa Mart\u00ednez.<\/p>\n\n\n\n<p>Sin embargo, quienes afirman ser la verdadera asociaci\u00f3n de padres de familia los acusaron de intentar imponer director y de adue\u00f1arse de la escuela.<\/p>\n","protected":false},"excerpt":{"rendered":"<p>Jes\u00fas Utrilla \/ NV Noticias Luego de cuatro d\u00edas fue liberada la secundaria Jos\u00e9 Azueta. Los maestros que manten\u00edan el plant\u00f3n quitaron el candado que hab\u00edan colocado para impedir el acceso. Ver\u00f3nica Olmos Morales, presidenta del Consejo Escolar de Participaci\u00f3n Social, exigi\u00f3 que la situaci\u00f3n no se vuelva a repetir, pues obstruyeron el derecho a [&hellip;]<\/p>\n","protected":false},"author":8,"featured_media":72396,"comment_status":"open","ping_status":"open","sticky":false,"template":"","format":"standard","meta":{"_monsterinsights_skip_tracking":false,"_monsterinsights_sitenote_active":false,"_monsterinsights_sitenote_note":"","_monsterinsights_sitenote_category":0,"footnotes":""},"categories":[154],"tags":[4252],"class_list":["post-72395","post","type-post","status-publish","format-standard","has-post-thumbnail","hentry","category-veracruz","tag-escuela-secundaria-jose-azueta","wp-image-borders"],"amp_enabled":true,"_links":{"self":[{"href":"https:\/\/nvnoticias.mx\/index.php\/wp-json\/wp\/v2\/posts\/72395","targetHints":{"allow":["GET"]}}],"collection":[{"href":"https:\/\/nvnoticias.mx\/index.php\/wp-json\/wp\/v2\/posts"}],"about":[{"href":"https:\/\/nvnoticias.mx\/index.php\/wp-json\/wp\/v2\/types\/post"}],"author":[{"embeddable":true,"href":"https:\/\/nvnoticias.mx\/index.php\/wp-json\/wp\/v2\/users\/8"}],"replies":[{"embeddable":true,"href":"https:\/\/nvnoticias.mx\/index.php\/wp-json\/wp\/v2\/comments?post=72395"}],"version-history":[{"count":1,"href":"https:\/\/nvnoticias.mx\/index.php\/wp-json\/wp\/v2\/posts\/72395\/revisions"}],"predecessor-version":[{"id":72397,"href":"https:\/\/nvnoticias.mx\/index.php\/wp-json\/wp\/v2\/posts\/72395\/revisions\/72397"}],"wp:featuredmedia":[{"embeddable":true,"href":"https:\/\/nvnoticias.mx\/index.php\/wp-json\/wp\/v2\/media\/72396"}],"wp:attachment":[{"href":"https:\/\/nvnoticias.mx\/index.php\/wp-json\/wp\/v2\/media?parent=72395"}],"wp:term":[{"taxonomy":"category","embeddable":true,"href":"https:\/\/nvnoticias.mx\/index.php\/wp-json\/wp\/v2\/categories?post=72395"},{"taxonomy":"post_tag","embeddable":true,"href":"https:\/\/nvnoticias.mx\/index.php\/wp-json\/wp\/v2\/tags?post=72395"}],"curies":[{"name":"wp","href":"https:\/\/api.w.org\/{rel}","templated":true}]}}