{"id":7236,"date":"2021-03-10T15:44:14","date_gmt":"2021-03-10T21:44:14","guid":{"rendered":"https:\/\/nvnoticias.mx\/?p=7236"},"modified":"2021-03-10T15:44:16","modified_gmt":"2021-03-10T21:44:16","slug":"aprueba-congreso-de-eu-paquete-de-estimulo-de-biden","status":"publish","type":"post","link":"https:\/\/nvnoticias.mx\/index.php\/2021\/03\/10\/aprueba-congreso-de-eu-paquete-de-estimulo-de-biden\/","title":{"rendered":"Aprueba Congreso de EU paquete de est\u00edmulo de Biden"},"content":{"rendered":"\n<p>La C\u00e1mara de Representantes de Estados Unidos aprob\u00f3 con 220 a favor y 211 en contra, el paquete de est\u00edmulo econ\u00f3mico por la pandemia del covid-19 impulsado por el presidente, Joe Biden, el cual se estableci\u00f3 en 1.9 billones de d\u00f3lares.<\/p>\n\n\n\n<p>La medida aprobada desde el Congreso de Estados Unidos es referida como primera victoria legislativa el mandatario dem\u00f3crata.<\/p>\n\n\n\n<p>Este nuevo impulso genera el env\u00edo de cheques de mil 400 d\u00f3lares (poco m\u00e1s de 29 mil pesos) con pago directo para las familias de menos ingreso, entre otros puntos de ayuda.\u00a0<\/p>\n\n\n\n<p>Por su parte a trav\u00e9s de su cuenta de twitter Biden, dijo tras conocerse la noticia que &#8220;la ayuda est\u00e1 aqu\u00ed&#8221;, en referencia directa a los programas que el hab\u00eda anunciado.<\/p>\n\n\n\n<figure class=\"wp-block-embed is-type-rich is-provider-twitter wp-block-embed-twitter\"><div class=\"wp-block-embed__wrapper\">\n<blockquote class=\"twitter-tweet\" data-width=\"550\" data-dnt=\"true\"><p lang=\"en\" dir=\"ltr\">Help is here. <a href=\"https:\/\/t.co\/urZCiigeS1\">https:\/\/t.co\/urZCiigeS1<\/a><\/p>&mdash; President Biden (@POTUS) <a href=\"https:\/\/twitter.com\/POTUS\/status\/1369729349272866822?ref_src=twsrc%5Etfw\">March 10, 2021<\/a><\/blockquote><script async src=\"https:\/\/platform.twitter.com\/widgets.js\" charset=\"utf-8\"><\/script>\n<\/div><\/figure>\n\n\n\n<p>Fuente. <a href=\"https:\/\/www.milenio.com\/internacional\/estados-unidos\/congreso-eu-aprueba-plan-ayuda-economica-joe-biden-covid\">Milenio<\/a><\/p>\n","protected":false},"excerpt":{"rendered":"<p>La C\u00e1mara de Representantes de Estados Unidos aprob\u00f3 con 220 a favor y 211 en contra, el paquete de est\u00edmulo econ\u00f3mico por la pandemia del covid-19 impulsado por el presidente, Joe Biden, el cual se estableci\u00f3 en 1.9 billones de d\u00f3lares. La medida aprobada desde el Congreso de Estados Unidos es referida como primera victoria [&hellip;]<\/p>\n","protected":false},"author":6,"featured_media":5820,"comment_status":"open","ping_status":"open","sticky":false,"template":"","format":"standard","meta":{"_monsterinsights_skip_tracking":false,"_monsterinsights_sitenote_active":false,"_monsterinsights_sitenote_note":"","_monsterinsights_sitenote_category":0,"footnotes":""},"categories":[181],"tags":[175,183,182,2150],"class_list":["post-7236","post","type-post","status-publish","format-standard","has-post-thumbnail","hentry","category-internacional","tag-covid-19","tag-estados-unidos","tag-joe-biden","tag-paquete-de-estimulo","wp-image-borders"],"amp_enabled":true,"_links":{"self":[{"href":"https:\/\/nvnoticias.mx\/index.php\/wp-json\/wp\/v2\/posts\/7236","targetHints":{"allow":["GET"]}}],"collection":[{"href":"https:\/\/nvnoticias.mx\/index.php\/wp-json\/wp\/v2\/posts"}],"about":[{"href":"https:\/\/nvnoticias.mx\/index.php\/wp-json\/wp\/v2\/types\/post"}],"author":[{"embeddable":true,"href":"https:\/\/nvnoticias.mx\/index.php\/wp-json\/wp\/v2\/users\/6"}],"replies":[{"embeddable":true,"href":"https:\/\/nvnoticias.mx\/index.php\/wp-json\/wp\/v2\/comments?post=7236"}],"version-history":[{"count":1,"href":"https:\/\/nvnoticias.mx\/index.php\/wp-json\/wp\/v2\/posts\/7236\/revisions"}],"predecessor-version":[{"id":7239,"href":"https:\/\/nvnoticias.mx\/index.php\/wp-json\/wp\/v2\/posts\/7236\/revisions\/7239"}],"wp:featuredmedia":[{"embeddable":true,"href":"https:\/\/nvnoticias.mx\/index.php\/wp-json\/wp\/v2\/media\/5820"}],"wp:attachment":[{"href":"https:\/\/nvnoticias.mx\/index.php\/wp-json\/wp\/v2\/media?parent=7236"}],"wp:term":[{"taxonomy":"category","embeddable":true,"href":"https:\/\/nvnoticias.mx\/index.php\/wp-json\/wp\/v2\/categories?post=7236"},{"taxonomy":"post_tag","embeddable":true,"href":"https:\/\/nvnoticias.mx\/index.php\/wp-json\/wp\/v2\/tags?post=7236"}],"curies":[{"name":"wp","href":"https:\/\/api.w.org\/{rel}","templated":true}]}}