{"id":72268,"date":"2022-09-01T10:25:14","date_gmt":"2022-09-01T15:25:14","guid":{"rendered":"https:\/\/nvnoticias.mx\/?p=72268"},"modified":"2022-09-01T10:25:16","modified_gmt":"2022-09-01T15:25:16","slug":"denunciaran-a-quienes-bloquearon-carretera-veracruz-xalapa","status":"publish","type":"post","link":"https:\/\/nvnoticias.mx\/index.php\/2022\/09\/01\/denunciaran-a-quienes-bloquearon-carretera-veracruz-xalapa\/","title":{"rendered":"Denunciar\u00e1n a quienes bloquearon carretera Veracruz-Xalapa"},"content":{"rendered":"\n<p><strong>Sam Ojeda | NV Noticias<\/strong><\/p>\n\n\n\n<p>Xalapa.- El secretario de Gobierno, Eric Cisneros Burgos, se\u00f1al\u00f3 que presentar\u00e1n denuncias contra quien resulte responsable por el cierre de la carretera Xalapa-Veracruz en Emiliano Zapata.<\/p>\n\n\n\n<p>Lo anterior luego de que pobladores cerraron la vialidad para demandar la cancelaci\u00f3n de las concesiones entregadas por Conagua a un fraccionamiento que pretende construir pozos profundos.<\/p>\n\n\n\n<p>El funcionario insisti\u00f3 en que detr\u00e1s de los manifestantes se encuentra el ex dirigente estatal del PRI y ex candidato a la presidencia municipal de Emiliano Zapata, Renato Alarc\u00f3n.<\/p>\n\n\n\n<blockquote class=\"wp-block-quote is-layout-flow wp-block-quote-is-layout-flow\"><p>\u201cEl responsable, se los digo de frente, nosotros no mentimos, quien promueve estas cosas se llama Renato Alarc\u00f3n. La denuncia se va a presentar por obstrucciones de las v\u00edas centrales de comunicaci\u00f3n\u201d.<\/p><\/blockquote>\n\n\n\n<p>Insisti\u00f3 en que hay asuntos pol\u00edticos en la movilizaci\u00f3n de pobladores de Emiliano Zapata contra la construcci\u00f3n del fraccionamiento Terranova, de la empresa Casas Carp\u00edn.<\/p>\n\n\n\n<p>Cisneros Burgos dijo que ni el Gobierno estatal o municipal entrega los permisos de construcci\u00f3n y que la concesi\u00f3n para la extracci\u00f3n del agua fue otorgada por la Conagua.<\/p>\n\n\n\n<blockquote class=\"wp-block-quote is-layout-flow wp-block-quote-is-layout-flow\"><p>\u201cEl tiempo y las investigaciones lo van a decir; eso no se litiga en los medios de comunicaci\u00f3n, se va a litigar en la Fiscal\u00eda General del Estado. Se van a poner las denuncias y bueno, \u00e9l (Renato Alarc\u00f3n) tendr\u00e1, esos dichos, tendr\u00e1 que sostenerlos con hechos\u201d.<\/p><\/blockquote>\n","protected":false},"excerpt":{"rendered":"<p>Sam Ojeda | NV Noticias Xalapa.- El secretario de Gobierno, Eric Cisneros Burgos, se\u00f1al\u00f3 que presentar\u00e1n denuncias contra quien resulte responsable por el cierre de la carretera Xalapa-Veracruz en Emiliano Zapata. Lo anterior luego de que pobladores cerraron la vialidad para demandar la cancelaci\u00f3n de las concesiones entregadas por Conagua a un fraccionamiento que pretende [&hellip;]<\/p>\n","protected":false},"author":35,"featured_media":72269,"comment_status":"open","ping_status":"open","sticky":false,"template":"","format":"standard","meta":{"_monsterinsights_skip_tracking":false,"_monsterinsights_sitenote_active":false,"_monsterinsights_sitenote_note":"","_monsterinsights_sitenote_category":0,"footnotes":""},"categories":[156],"tags":[18882,1906,18881,12407],"class_list":["post-72268","post","type-post","status-publish","format-standard","has-post-thumbnail","hentry","category-estado","tag-bloquearon","tag-carretera","tag-denunciaran","tag-quienes","wp-image-borders"],"amp_enabled":true,"_links":{"self":[{"href":"https:\/\/nvnoticias.mx\/index.php\/wp-json\/wp\/v2\/posts\/72268","targetHints":{"allow":["GET"]}}],"collection":[{"href":"https:\/\/nvnoticias.mx\/index.php\/wp-json\/wp\/v2\/posts"}],"about":[{"href":"https:\/\/nvnoticias.mx\/index.php\/wp-json\/wp\/v2\/types\/post"}],"author":[{"embeddable":true,"href":"https:\/\/nvnoticias.mx\/index.php\/wp-json\/wp\/v2\/users\/35"}],"replies":[{"embeddable":true,"href":"https:\/\/nvnoticias.mx\/index.php\/wp-json\/wp\/v2\/comments?post=72268"}],"version-history":[{"count":1,"href":"https:\/\/nvnoticias.mx\/index.php\/wp-json\/wp\/v2\/posts\/72268\/revisions"}],"predecessor-version":[{"id":72270,"href":"https:\/\/nvnoticias.mx\/index.php\/wp-json\/wp\/v2\/posts\/72268\/revisions\/72270"}],"wp:featuredmedia":[{"embeddable":true,"href":"https:\/\/nvnoticias.mx\/index.php\/wp-json\/wp\/v2\/media\/72269"}],"wp:attachment":[{"href":"https:\/\/nvnoticias.mx\/index.php\/wp-json\/wp\/v2\/media?parent=72268"}],"wp:term":[{"taxonomy":"category","embeddable":true,"href":"https:\/\/nvnoticias.mx\/index.php\/wp-json\/wp\/v2\/categories?post=72268"},{"taxonomy":"post_tag","embeddable":true,"href":"https:\/\/nvnoticias.mx\/index.php\/wp-json\/wp\/v2\/tags?post=72268"}],"curies":[{"name":"wp","href":"https:\/\/api.w.org\/{rel}","templated":true}]}}