{"id":72144,"date":"2022-08-31T13:30:46","date_gmt":"2022-08-31T18:30:46","guid":{"rendered":"https:\/\/nvnoticias.mx\/?p=72144"},"modified":"2022-08-31T13:30:48","modified_gmt":"2022-08-31T18:30:48","slug":"el-puente-del-15-de-septiembre-generara-derrama-economica-en-temporada-baja","status":"publish","type":"post","link":"https:\/\/nvnoticias.mx\/index.php\/2022\/08\/31\/el-puente-del-15-de-septiembre-generara-derrama-economica-en-temporada-baja\/","title":{"rendered":"El puente del 15 de septiembre generar\u00e1 derrama econ\u00f3mica en temporada baja"},"content":{"rendered":"\n<p><strong>Jes\u00fas Utrilla \/ NV Noticias<\/strong><\/p>\n\n\n\n<p>El puente del 15 de septiembre contribuir\u00e1 a generar derrama econ\u00f3mica en una temporada baja tur\u00edsticamente, se\u00f1al\u00f3 Hector Aguilera, subsecretario de Promoci\u00f3n y Atenci\u00f3n Tur\u00edstica de Veracruz. <\/p>\n\n\n\n<p>Record\u00f3 que hay en puerta varias actividades, luego de las vacaciones de verano, como el festival de Costa Esmeralda, para este fin de semana, habr\u00e1 otros en la zona sur del estado y tambi\u00e9n se avecina el puente mencionado. <\/p>\n\n\n\n<p>Record\u00f3 que se avecina la Cumbre Olmeca, que tendr\u00e1 tres sedes: Coatzacoalcos, Nanchital e Ixhuatl\u00e1n del sureste.<\/p>\n\n\n\n<blockquote class=\"wp-block-quote is-layout-flow wp-block-quote-is-layout-flow\"><p>\u201c<em>Hay muchas actividades para septiembre, posteriormente la Cumbre Olmeca en la zona sur donde participar\u00e1n expertos internacionales<\/em>\u201d.<\/p><\/blockquote>\n\n\n\n<p>Tan solo el Festival de Costa Esmeralda generar\u00e1 45 millones de pesos en derrama econ\u00f3mica.<\/p>\n","protected":false},"excerpt":{"rendered":"<p>Jes\u00fas Utrilla \/ NV Noticias El puente del 15 de septiembre contribuir\u00e1 a generar derrama econ\u00f3mica en una temporada baja tur\u00edsticamente, se\u00f1al\u00f3 Hector Aguilera, subsecretario de Promoci\u00f3n y Atenci\u00f3n Tur\u00edstica de Veracruz. Record\u00f3 que hay en puerta varias actividades, luego de las vacaciones de verano, como el festival de Costa Esmeralda, para este fin de [&hellip;]<\/p>\n","protected":false},"author":8,"featured_media":72145,"comment_status":"open","ping_status":"open","sticky":false,"template":"","format":"standard","meta":{"_monsterinsights_skip_tracking":false,"_monsterinsights_sitenote_active":false,"_monsterinsights_sitenote_note":"","_monsterinsights_sitenote_category":0,"footnotes":""},"categories":[154],"tags":[10940,6092],"class_list":["post-72144","post","type-post","status-publish","format-standard","has-post-thumbnail","hentry","category-veracruz","tag-derrama-economica","tag-fiestas-patrias","wp-image-borders"],"amp_enabled":true,"_links":{"self":[{"href":"https:\/\/nvnoticias.mx\/index.php\/wp-json\/wp\/v2\/posts\/72144","targetHints":{"allow":["GET"]}}],"collection":[{"href":"https:\/\/nvnoticias.mx\/index.php\/wp-json\/wp\/v2\/posts"}],"about":[{"href":"https:\/\/nvnoticias.mx\/index.php\/wp-json\/wp\/v2\/types\/post"}],"author":[{"embeddable":true,"href":"https:\/\/nvnoticias.mx\/index.php\/wp-json\/wp\/v2\/users\/8"}],"replies":[{"embeddable":true,"href":"https:\/\/nvnoticias.mx\/index.php\/wp-json\/wp\/v2\/comments?post=72144"}],"version-history":[{"count":1,"href":"https:\/\/nvnoticias.mx\/index.php\/wp-json\/wp\/v2\/posts\/72144\/revisions"}],"predecessor-version":[{"id":72146,"href":"https:\/\/nvnoticias.mx\/index.php\/wp-json\/wp\/v2\/posts\/72144\/revisions\/72146"}],"wp:featuredmedia":[{"embeddable":true,"href":"https:\/\/nvnoticias.mx\/index.php\/wp-json\/wp\/v2\/media\/72145"}],"wp:attachment":[{"href":"https:\/\/nvnoticias.mx\/index.php\/wp-json\/wp\/v2\/media?parent=72144"}],"wp:term":[{"taxonomy":"category","embeddable":true,"href":"https:\/\/nvnoticias.mx\/index.php\/wp-json\/wp\/v2\/categories?post=72144"},{"taxonomy":"post_tag","embeddable":true,"href":"https:\/\/nvnoticias.mx\/index.php\/wp-json\/wp\/v2\/tags?post=72144"}],"curies":[{"name":"wp","href":"https:\/\/api.w.org\/{rel}","templated":true}]}}